{"id":23856,"date":"2024-06-24T18:58:29","date_gmt":"2024-06-24T21:58:29","guid":{"rendered":"https:\/\/radiostudiow.com.br\/site\/?p=23856"},"modified":"2025-01-31T14:59:13","modified_gmt":"2025-01-31T17:59:13","slug":"motorista-perde-controle-e-sai-da-pista-na-estrada-do-rio-vermelho-em-uniao-da-vitoria","status":"publish","type":"post","link":"https:\/\/radiostudiow.com.br\/site\/2024\/06\/24\/motorista-perde-controle-e-sai-da-pista-na-estrada-do-rio-vermelho-em-uniao-da-vitoria\/","title":{"rendered":"Motorista perde controle e sai da pista na estrada do Rio Vermelho em Uni\u00e3o da Vit\u00f3ria"},"content":{"rendered":"\n<p>A Pol\u00edcia Militar e o Corpo de Bombeiros estiveram atendendo a um acidente de tr\u00e2nsito neste domingo, 23 de junho, na Estrada do Rio Vermelho em Uni\u00e3o da Vit\u00f3ria.<\/p>\n\n\n\n<figure class=\"wp-block-image size-full\"><img loading=\"lazy\" decoding=\"async\" width=\"598\" height=\"204\" src=\"https:\/\/radiostudiow.com.br\/site\/wp-content\/uploads\/2024\/04\/image-39.png\" alt=\"\" class=\"wp-image-21311\" srcset=\"https:\/\/radiostudiow.com.br\/site\/wp-content\/uploads\/2024\/04\/image-39.png 598w, https:\/\/radiostudiow.com.br\/site\/wp-content\/uploads\/2024\/04\/image-39-300x102.png 300w\" sizes=\"auto, (max-width: 598px) 100vw, 598px\" \/><\/figure>\n\n\n\n<p>De acordo com informa\u00e7\u00f5es divulgadas para a imprensa, um motorista perdeu o controle da dire\u00e7\u00e3o de seu ve\u00edculo Ford\/Courier de cor vermelha e acabou saindo da pista, vindo a cair em um barranco.<\/p>\n\n\n\n<p>Com o acidente, o motorista de 36 anos de idade, identificado pelas iniciais \u201cC. B.\u201d sofreu ferimentos de pequena gravidade. Ele recebeu os primeiros socorros e foi encaminhado ao hospital Regional.<a href=\"https:\/\/www.facebook.com\/sharer.php?u=https%3A%2F%2Fcanal4.tv.br%2F2024%2F06%2F24%2Fmotorista-perde-controle-e-sai-da-pista-na-estrada-do-rio-vermelho-em-uniao-da-vitoria%2F%3Ffbclid%3DIwZXh0bgNhZW0CMTEAAR3qH7mvCBppcSQK92Kbtv7J2y_79aFUaQSU5EYQAms6hl9lV0-EfUCQNBE_aem_m2H3JVY6uzJfSb7oXTi82A\" target=\"_blank\" rel=\"noreferrer noopener\"><\/a><\/p>\n\n\n\n<p><a href=\"https:\/\/www.facebook.com\/sharer.php?u=https%3A%2F%2Fcanal4.tv.br%2F2024%2F06%2F24%2Fmotorista-perde-controle-e-sai-da-pista-na-estrada-do-rio-vermelho-em-uniao-da-vitoria%2F%3Ffbclid%3DIwZXh0bgNhZW0CMTEAAR3qH7mvCBppcSQK92Kbtv7J2y_79aFUaQSU5EYQAms6hl9lV0-EfUCQNBE_aem_m2H3JVY6uzJfSb7oXTi82A\" target=\"_blank\" rel=\"noreferrer noopener\"><\/a><\/p>\n\n\n\n<p><a href=\"https:\/\/web.whatsapp.com\/send?text=Motorista%20perde%20controle%20e%20sai%20da%20pista%20na%20estrada%20do%20Rio%20Vermelho%20em%20Uni%C3%A3o%20da%20Vit%C3%B3ria%20%E2%98%9B%20https%3A%2F%2Fcanal4.tv.br%2F2024%2F06%2F24%2Fmotorista-perde-controle-e-sai-da-pista-na-estrada-do-rio-vermelho-em-uniao-da-vitoria%2F%3Ffbclid%3DIwZXh0bgNhZW0CMTEAAR3qH7mvCBppcSQK92Kbtv7J2y_79aFUaQSU5EYQAms6hl9lV0-EfUCQNBE_aem_m2H3JVY6uzJfSb7oXTi82A\" target=\"_blank\" rel=\"noreferrer noopener\"><\/a><\/p>\n\n\n\n<p><a href=\"javascript:void(0);\"><\/a><\/p>\n","protected":false},"excerpt":{"rendered":"<p>A Pol\u00edcia Militar e o Corpo de Bombeiros estiveram atendendo a um acidente de tr\u00e2nsito neste domingo, 23 de junho, na Estrada do Rio Vermelho em Uni\u00e3o da Vit\u00f3ria. De acordo com informa\u00e7\u00f5es divulgadas para a imprensa, um motorista perdeu o controle da dire\u00e7\u00e3o de seu ve\u00edculo Ford\/Courier de cor vermelha e acabou saindo da [&hellip;]<\/p>\n","protected":false},"author":2,"featured_media":22624,"comment_status":"open","ping_status":"open","sticky":false,"template":"","format":"standard","meta":{"footnotes":""},"categories":[185],"tags":[172],"class_list":["post-23856","post","type-post","status-publish","format-standard","has-post-thumbnail","hentry","category-regional","tag-featured"],"amp_enabled":true,"_links":{"self":[{"href":"https:\/\/radiostudiow.com.br\/site\/wp-json\/wp\/v2\/posts\/23856","targetHints":{"allow":["GET"]}}],"collection":[{"href":"https:\/\/radiostudiow.com.br\/site\/wp-json\/wp\/v2\/posts"}],"about":[{"href":"https:\/\/radiostudiow.com.br\/site\/wp-json\/wp\/v2\/types\/post"}],"author":[{"embeddable":true,"href":"https:\/\/radiostudiow.com.br\/site\/wp-json\/wp\/v2\/users\/2"}],"replies":[{"embeddable":true,"href":"https:\/\/radiostudiow.com.br\/site\/wp-json\/wp\/v2\/comments?post=23856"}],"version-history":[{"count":2,"href":"https:\/\/radiostudiow.com.br\/site\/wp-json\/wp\/v2\/posts\/23856\/revisions"}],"predecessor-version":[{"id":23874,"href":"https:\/\/radiostudiow.com.br\/site\/wp-json\/wp\/v2\/posts\/23856\/revisions\/23874"}],"wp:featuredmedia":[{"embeddable":true,"href":"https:\/\/radiostudiow.com.br\/site\/wp-json\/wp\/v2\/media\/22624"}],"wp:attachment":[{"href":"https:\/\/radiostudiow.com.br\/site\/wp-json\/wp\/v2\/media?parent=23856"}],"wp:term":[{"taxonomy":"category","embeddable":true,"href":"https:\/\/radiostudiow.com.br\/site\/wp-json\/wp\/v2\/categories?post=23856"},{"taxonomy":"post_tag","embeddable":true,"href":"https:\/\/radiostudiow.com.br\/site\/wp-json\/wp\/v2\/tags?post=23856"}],"curies":[{"name":"wp","href":"https:\/\/api.w.org\/{rel}","templated":true}]}}