{"id":23858,"date":"2024-06-24T19:07:51","date_gmt":"2024-06-24T22:07:51","guid":{"rendered":"https:\/\/radiostudiow.com.br\/site\/?p=23858"},"modified":"2025-01-31T14:59:13","modified_gmt":"2025-01-31T17:59:13","slug":"durante-a-madrugada-motocicleta-foi-roubada-no-centro-de-uniao-da-vitoria","status":"publish","type":"post","link":"https:\/\/radiostudiow.com.br\/site\/2024\/06\/24\/durante-a-madrugada-motocicleta-foi-roubada-no-centro-de-uniao-da-vitoria\/","title":{"rendered":"Durante a madrugada motocicleta foi roubada no centro de Uni\u00e3o da Vit\u00f3ria"},"content":{"rendered":"\n<p>A equipe da Pol\u00edcia Militar de Uni\u00e3o da Vit\u00f3ria foi acionada para atender a uma situa\u00e7\u00e3o de furto de uma motocicleta no centro da cidade por volta das 04 horas desta segunda-feira (24).<\/p>\n\n\n\n<figure class=\"wp-block-image size-full\"><img loading=\"lazy\" decoding=\"async\" width=\"897\" height=\"204\" src=\"https:\/\/radiostudiow.com.br\/site\/wp-content\/uploads\/2024\/04\/image-37.png\" alt=\"\" class=\"wp-image-21305\" srcset=\"https:\/\/radiostudiow.com.br\/site\/wp-content\/uploads\/2024\/04\/image-37.png 897w, https:\/\/radiostudiow.com.br\/site\/wp-content\/uploads\/2024\/04\/image-37-300x68.png 300w, https:\/\/radiostudiow.com.br\/site\/wp-content\/uploads\/2024\/04\/image-37-768x175.png 768w\" sizes=\"auto, (max-width: 897px) 100vw, 897px\" \/><\/figure>\n\n\n\n<p>Segundo relato da v\u00edtima, que estava dormindo em um quarto dentro de seu estabelecimento comercial, ouviu um barulho e foi verificar.&nbsp;Ao chegar \u00e0 parte da frente do com\u00e9rcio, percebeu que uma motocicleta Honda\/CG 160 Fan, ano 2021, cor prata, que estava dentro do estabelecimento, havia sido furtada.<\/p>\n\n\n\n<p>A v\u00edtima informou que o indiv\u00edduo conseguiu abrir a porta da loja com chave. Apesar do patrulhamento realizado, n\u00e3o houve \u00eaxito em encontrar o autor do furto nem a motocicleta furtada. As v\u00edtimas foram orientadas sobre os procedimentos cab\u00edveis.<\/p>\n\n\n\n<p>A Pol\u00edcia continua investigando o caso para identificar o respons\u00e1vel pelo crime e recuperar o ve\u00edculo.<\/p>\n","protected":false},"excerpt":{"rendered":"<p>A equipe da Pol\u00edcia Militar de Uni\u00e3o da Vit\u00f3ria foi acionada para atender a uma situa\u00e7\u00e3o de furto de uma motocicleta no centro da cidade por volta das 04 horas desta segunda-feira (24). Segundo relato da v\u00edtima, que estava dormindo em um quarto dentro de seu estabelecimento comercial, ouviu um barulho e foi verificar.&nbsp;Ao chegar [&hellip;]<\/p>\n","protected":false},"author":2,"featured_media":23859,"comment_status":"open","ping_status":"open","sticky":false,"template":"","format":"standard","meta":{"footnotes":""},"categories":[2],"tags":[172],"class_list":["post-23858","post","type-post","status-publish","format-standard","has-post-thumbnail","hentry","category-policial","tag-featured"],"amp_enabled":true,"_links":{"self":[{"href":"https:\/\/radiostudiow.com.br\/site\/wp-json\/wp\/v2\/posts\/23858","targetHints":{"allow":["GET"]}}],"collection":[{"href":"https:\/\/radiostudiow.com.br\/site\/wp-json\/wp\/v2\/posts"}],"about":[{"href":"https:\/\/radiostudiow.com.br\/site\/wp-json\/wp\/v2\/types\/post"}],"author":[{"embeddable":true,"href":"https:\/\/radiostudiow.com.br\/site\/wp-json\/wp\/v2\/users\/2"}],"replies":[{"embeddable":true,"href":"https:\/\/radiostudiow.com.br\/site\/wp-json\/wp\/v2\/comments?post=23858"}],"version-history":[{"count":2,"href":"https:\/\/radiostudiow.com.br\/site\/wp-json\/wp\/v2\/posts\/23858\/revisions"}],"predecessor-version":[{"id":23877,"href":"https:\/\/radiostudiow.com.br\/site\/wp-json\/wp\/v2\/posts\/23858\/revisions\/23877"}],"wp:featuredmedia":[{"embeddable":true,"href":"https:\/\/radiostudiow.com.br\/site\/wp-json\/wp\/v2\/media\/23859"}],"wp:attachment":[{"href":"https:\/\/radiostudiow.com.br\/site\/wp-json\/wp\/v2\/media?parent=23858"}],"wp:term":[{"taxonomy":"category","embeddable":true,"href":"https:\/\/radiostudiow.com.br\/site\/wp-json\/wp\/v2\/categories?post=23858"},{"taxonomy":"post_tag","embeddable":true,"href":"https:\/\/radiostudiow.com.br\/site\/wp-json\/wp\/v2\/tags?post=23858"}],"curies":[{"name":"wp","href":"https:\/\/api.w.org\/{rel}","templated":true}]}}