{"id":23889,"date":"2024-06-25T09:59:41","date_gmt":"2024-06-25T12:59:41","guid":{"rendered":"https:\/\/radiostudiow.com.br\/site\/?p=23889"},"modified":"2025-01-31T14:59:13","modified_gmt":"2025-01-31T17:59:13","slug":"vagas-em-mallet-09-05-2024-2","status":"publish","type":"post","link":"https:\/\/radiostudiow.com.br\/site\/2024\/06\/25\/vagas-em-mallet-09-05-2024-2\/","title":{"rendered":"VAGAS EM MALLET \u2013 25\/06\/2024"},"content":{"rendered":"\n<p><\/p>\n\n\n\n<ul class=\"wp-block-list\">\n<li><strong>Vagas abertas:<\/strong>\n<ul class=\"wp-block-list\">\n<li>Jovem aprendiz;<\/li>\n\n\n\n<li>Motoboy;<\/li>\n\n\n\n<li>Motorista de \u00f4nibus;<\/li>\n\n\n\n<li>Gar\u00e7om e gar\u00e7onete;<\/li>\n\n\n\n<li>Empregada dom\u00e9stica;<\/li>\n\n\n\n<li>Secret\u00e1ria;<\/li>\n\n\n\n<li>Barman;<\/li>\n\n\n\n<li>Servi\u00e7os Gerais de P\u00e1tio;<\/li>\n\n\n\n<li>Auxiliar de produ\u00e7\u00e3o;<\/li>\n\n\n\n<li>Tratorista(Empresa de Reflorestamento);<\/li>\n\n\n\n<li>Desgalhador de \u00e1rvores;<\/li>\n\n\n\n<li>Cortador de \u00e1rvores;<\/li>\n\n\n\n<li>Operador de motosserra;<\/li>\n\n\n\n<li>Vendedor (a);<\/li>\n\n\n\n<li>Auxiliar de cozinha;<\/li>\n\n\n\n<li>Camareira;<\/li>\n\n\n\n<li>Auxiliar de mec\u00e2nico;<\/li>\n\n\n\n<li>Operador de caixa credi\u00e1rio;<\/li>\n\n\n\n<li>Centrador de toras (torno);<\/li>\n<\/ul>\n<\/li>\n<\/ul>\n\n\n\n<figure class=\"wp-block-image size-full\"><img decoding=\"async\" src=\"https:\/\/radiostudiow.com.br\/site\/wp-content\/uploads\/2024\/04\/image-45.png\" alt=\"\" class=\"wp-image-21394\"\/><\/figure>\n\n\n\n<h2 class=\"wp-block-heading\">Oportunidade de Jovem Aprendiz no Grupo Agrosepac<\/h2>\n\n\n\n<p>Voc\u00ea tem entre 14 e 22 anos e mora em Mallet? Uma excelente oportunidade para voc\u00ea iniciar sua carreira. Curr\u00edculos at\u00e9 o dia 30\/06.<\/p>\n\n\n\n<p>REQUISITOS<br>Idade: 14 a 22 anos<br>Residir em Mallet<br>Envie seu curr\u00edculo para E-mail: rh@agrosepac.com.br<br>WhatsApp: 42 99952 0069<\/p>\n\n\n\n<p>Os curr\u00edculos tamb\u00e9m podem ser entregues diretamente na Ag\u00eancia do Trabalhador de Mallet ou na Agrosepac at\u00e9 o dia 30\/06.<\/p>\n\n\n\n<p>N\u00e3o perca essa chance de fazer parte do time.<\/p>\n\n\n\n<h2 class=\"wp-block-heading\">Oportunidade de Jovem Aprendiz na QUERO-QUERO<\/h2>\n\n\n\n<p>A empresa Quero Quero est\u00e1 com uma vaga de jovem aprendiz em aberto. Levar curr\u00edculo diretamente na loja: Avenida Jo\u00e3o Pessoa, n\u00b0622 &#8211; centro &#8211; Mallet &#8211; PR.<\/p>\n\n\n\n<figure class=\"wp-block-image size-full\"><img loading=\"lazy\" decoding=\"async\" width=\"300\" height=\"180\" src=\"https:\/\/radiostudiow.com.br\/site\/wp-content\/uploads\/2024\/04\/SITE-PEQUENO-1.png\" alt=\"\" class=\"wp-image-21868\"\/><\/figure>\n\n\n\n<p><strong>Interessados trazer curr\u00edculo na ag\u00eancia do trabalhador\u00a0na Rua Major Estev\u00e3o \u2013 n\u00b0180 \u2013 Centro\u00a0\u2013 Mallet \u2013 PR.<\/strong><\/p>\n\n\n\n<p><strong>Mais informa\u00e7\u00f5es pelo telefone (42) 3542-2324.<\/strong><\/p>\n\n\n\n<figure class=\"wp-block-image size-large is-resized\"><img decoding=\"async\" src=\"https:\/\/radiostudiow.com.br\/site\/wp-content\/uploads\/2024\/05\/02-731x1024.png\" alt=\"\" class=\"wp-image-22512\" style=\"width:395px;height:auto\"\/><\/figure>\n","protected":false},"excerpt":{"rendered":"<p>Oportunidade de Jovem Aprendiz no Grupo Agrosepac Voc\u00ea tem entre 14 e 22 anos e mora em Mallet? Uma excelente oportunidade para voc\u00ea iniciar sua carreira. Curr\u00edculos at\u00e9 o dia 30\/06. REQUISITOSIdade: 14 a 22 anosResidir em MalletEnvie seu curr\u00edculo para E-mail: rh@agrosepac.com.brWhatsApp: 42 99952 0069 Os curr\u00edculos tamb\u00e9m podem ser entregues diretamente na Ag\u00eancia [&hellip;]<\/p>\n","protected":false},"author":2,"featured_media":0,"comment_status":"open","ping_status":"open","sticky":false,"template":"","format":"standard","meta":{"footnotes":""},"categories":[184],"tags":[172],"class_list":["post-23889","post","type-post","status-publish","format-standard","hentry","category-local","tag-featured"],"amp_enabled":true,"_links":{"self":[{"href":"https:\/\/radiostudiow.com.br\/site\/wp-json\/wp\/v2\/posts\/23889","targetHints":{"allow":["GET"]}}],"collection":[{"href":"https:\/\/radiostudiow.com.br\/site\/wp-json\/wp\/v2\/posts"}],"about":[{"href":"https:\/\/radiostudiow.com.br\/site\/wp-json\/wp\/v2\/types\/post"}],"author":[{"embeddable":true,"href":"https:\/\/radiostudiow.com.br\/site\/wp-json\/wp\/v2\/users\/2"}],"replies":[{"embeddable":true,"href":"https:\/\/radiostudiow.com.br\/site\/wp-json\/wp\/v2\/comments?post=23889"}],"version-history":[{"count":4,"href":"https:\/\/radiostudiow.com.br\/site\/wp-json\/wp\/v2\/posts\/23889\/revisions"}],"predecessor-version":[{"id":23898,"href":"https:\/\/radiostudiow.com.br\/site\/wp-json\/wp\/v2\/posts\/23889\/revisions\/23898"}],"wp:attachment":[{"href":"https:\/\/radiostudiow.com.br\/site\/wp-json\/wp\/v2\/media?parent=23889"}],"wp:term":[{"taxonomy":"category","embeddable":true,"href":"https:\/\/radiostudiow.com.br\/site\/wp-json\/wp\/v2\/categories?post=23889"},{"taxonomy":"post_tag","embeddable":true,"href":"https:\/\/radiostudiow.com.br\/site\/wp-json\/wp\/v2\/tags?post=23889"}],"curies":[{"name":"wp","href":"https:\/\/api.w.org\/{rel}","templated":true}]}}