{"id":23904,"date":"2024-06-25T21:13:59","date_gmt":"2024-06-26T00:13:59","guid":{"rendered":"https:\/\/radiostudiow.com.br\/site\/?p=23904"},"modified":"2025-01-31T14:59:13","modified_gmt":"2025-01-31T17:59:13","slug":"homem-e-preso-e-menor-apreendido-com-drogas-em-uniao-da-vitoria","status":"publish","type":"post","link":"https:\/\/radiostudiow.com.br\/site\/2024\/06\/25\/homem-e-preso-e-menor-apreendido-com-drogas-em-uniao-da-vitoria\/","title":{"rendered":"Homem \u00e9 preso e menor apreendido com drogas em Uni\u00e3o da Vit\u00f3ria"},"content":{"rendered":"\n<p>A equipe da Pol\u00edcia Militar de Uni\u00e3o da Vit\u00f3ria em opera\u00e7\u00e3o de patrulhamento no distrito de S\u00e3o Cristov\u00e3o, realizou a abordagem a dois indiv\u00edduos que apresentavam atitude suspeita. Situa\u00e7\u00e3o foi registrada por volta das 17 hora desta segunda-feira (24).<\/p>\n\n\n\n<figure class=\"wp-block-image size-full\"><img decoding=\"async\" src=\"https:\/\/radiostudiow.com.br\/site\/wp-content\/uploads\/2024\/04\/image-58.png\" alt=\"\" class=\"wp-image-21416\"\/><\/figure>\n\n\n\n<p>Durante abordagem, foi constatado que um dos suspeitos era menor de idade. Em busca pessoal, foram encontrados uma certa quantidade de subst\u00e2ncia an\u00e1loga a maconha e diversos inv\u00f3lucros pl\u00e1sticos destinados ao fracionamento da droga para comercializa\u00e7\u00e3o.<\/p>\n\n\n\n<p>Os suspeitos foram conduzidos pela pr\u00e1tica de tr\u00e1fico de drogas, associa\u00e7\u00e3o para o tr\u00e1fico e corrup\u00e7\u00e3o de menores, sendo entregues \u00e0 4\u00aa Subdivis\u00e3o Policial para procedimentos sob a aprecia\u00e7\u00e3o da autoridade policial competente.<\/p>\n","protected":false},"excerpt":{"rendered":"<p>A equipe da Pol\u00edcia Militar de Uni\u00e3o da Vit\u00f3ria em opera\u00e7\u00e3o de patrulhamento no distrito de S\u00e3o Cristov\u00e3o, realizou a abordagem a dois indiv\u00edduos que apresentavam atitude suspeita. Situa\u00e7\u00e3o foi registrada por volta das 17 hora desta segunda-feira (24). Durante abordagem, foi constatado que um dos suspeitos era menor de idade. Em busca pessoal, foram [&hellip;]<\/p>\n","protected":false},"author":2,"featured_media":23920,"comment_status":"open","ping_status":"open","sticky":false,"template":"","format":"standard","meta":{"footnotes":""},"categories":[2],"tags":[172],"class_list":["post-23904","post","type-post","status-publish","format-standard","has-post-thumbnail","hentry","category-policial","tag-featured"],"amp_enabled":true,"_links":{"self":[{"href":"https:\/\/radiostudiow.com.br\/site\/wp-json\/wp\/v2\/posts\/23904","targetHints":{"allow":["GET"]}}],"collection":[{"href":"https:\/\/radiostudiow.com.br\/site\/wp-json\/wp\/v2\/posts"}],"about":[{"href":"https:\/\/radiostudiow.com.br\/site\/wp-json\/wp\/v2\/types\/post"}],"author":[{"embeddable":true,"href":"https:\/\/radiostudiow.com.br\/site\/wp-json\/wp\/v2\/users\/2"}],"replies":[{"embeddable":true,"href":"https:\/\/radiostudiow.com.br\/site\/wp-json\/wp\/v2\/comments?post=23904"}],"version-history":[{"count":2,"href":"https:\/\/radiostudiow.com.br\/site\/wp-json\/wp\/v2\/posts\/23904\/revisions"}],"predecessor-version":[{"id":23921,"href":"https:\/\/radiostudiow.com.br\/site\/wp-json\/wp\/v2\/posts\/23904\/revisions\/23921"}],"wp:featuredmedia":[{"embeddable":true,"href":"https:\/\/radiostudiow.com.br\/site\/wp-json\/wp\/v2\/media\/23920"}],"wp:attachment":[{"href":"https:\/\/radiostudiow.com.br\/site\/wp-json\/wp\/v2\/media?parent=23904"}],"wp:term":[{"taxonomy":"category","embeddable":true,"href":"https:\/\/radiostudiow.com.br\/site\/wp-json\/wp\/v2\/categories?post=23904"},{"taxonomy":"post_tag","embeddable":true,"href":"https:\/\/radiostudiow.com.br\/site\/wp-json\/wp\/v2\/tags?post=23904"}],"curies":[{"name":"wp","href":"https:\/\/api.w.org\/{rel}","templated":true}]}}