{"id":23907,"date":"2024-06-25T21:12:19","date_gmt":"2024-06-26T00:12:19","guid":{"rendered":"https:\/\/radiostudiow.com.br\/site\/?p=23907"},"modified":"2025-01-31T14:59:13","modified_gmt":"2025-01-31T17:59:13","slug":"jovem-morre-depois-de-acidente-no-bairro-bela-vista-em-porto-uniao","status":"publish","type":"post","link":"https:\/\/radiostudiow.com.br\/site\/2024\/06\/25\/jovem-morre-depois-de-acidente-no-bairro-bela-vista-em-porto-uniao\/","title":{"rendered":"Jovem morre depois de acidente no bairro Bela Vista em Porto Uni\u00e3o"},"content":{"rendered":"\n<p>O Corpo de Bombeiros de Porto Uni\u00e3o atendeu na manh\u00e3 desta ter\u00e7a-feira, 25, por volta das 6 horas um acidente de tr\u00e2nsito no bairro Bela Vista envolvendo uma motocicleta Honda e uma camionete Ranger. <\/p>\n\n\n\n<figure class=\"wp-block-image size-large\"><img decoding=\"async\" src=\"https:\/\/radiostudiow.com.br\/site\/wp-content\/uploads\/2024\/05\/86140-nacional-tv-coops-comunicacao-interna-pos-campanha-de-educacao-financeira-2024-1-1024x576.png\" alt=\"\" class=\"wp-image-23087\"\/><\/figure>\n\n\n\n<p>A condutora da motocicleta, identificada como&nbsp;Raissa Souza Cola\u00e7o, de 20 anos estava inconsciente, com batimentos card\u00edacos fracos e fratura fechada no f\u00eamur esquerdo.&nbsp;Ap\u00f3s imobiliza\u00e7\u00e3o com colar cervical e rolamento sobre a maca, foi feito transporte imediato para o Hospital S\u00e3o Braz.&nbsp;Durante o deslocamento, foram realizadas manobras de RCP, por\u00e9m sem sucesso, e a v\u00edtima foi entregue ao hospital sem sinais vitais.<\/p>\n\n\n\n<p>No hospital o m\u00e9dico tentou a reanima\u00e7\u00e3o mas infelizmente a v\u00edtima n\u00e3o resistiu e acabou vindo a \u00f3bito. O IGP de Porto Uni\u00e3o foi acionado para fazer o recolhimento do corpo.<\/p>\n\n\n\n<p>Na camionete Ranger, havia tr\u00eas ocupantes que apresentavam dor e pequenos ferimentos. Todos foram posteriormente conduzidos para avalia\u00e7\u00e3o m\u00e9dica.<\/p>\n\n\n\n<p><a href=\"mailto:?subject=Jovem%20morre%20depois%20de%20acidente%20no%20bairro%20Bela%20Vista%20em%20Porto%20Uni%C3%A3o&amp;body=https:\/\/www.vvale.com.br\/transito\/jovem-morre-depois-de-acidente-no-bairro-bela-vista-em-porto-uniao\/\" target=\"_blank\" rel=\"noreferrer noopener\"><\/a><\/p>\n\n\n\n<figure class=\"wp-block-gallery has-nested-images columns-default is-cropped wp-block-gallery-1 is-layout-flex wp-block-gallery-is-layout-flex\">\n<figure class=\"wp-block-image size-large\"><img loading=\"lazy\" decoding=\"async\" width=\"1024\" height=\"768\" data-id=\"23917\" src=\"https:\/\/radiostudiow.com.br\/site\/wp-content\/uploads\/2024\/06\/08-1024x768.jpeg\" alt=\"\" class=\"wp-image-23917\" srcset=\"https:\/\/radiostudiow.com.br\/site\/wp-content\/uploads\/2024\/06\/08-1024x768.jpeg 1024w, https:\/\/radiostudiow.com.br\/site\/wp-content\/uploads\/2024\/06\/08-300x225.jpeg 300w, https:\/\/radiostudiow.com.br\/site\/wp-content\/uploads\/2024\/06\/08-768x576.jpeg 768w, https:\/\/radiostudiow.com.br\/site\/wp-content\/uploads\/2024\/06\/08.jpeg 1280w\" sizes=\"auto, (max-width: 1024px) 100vw, 1024px\" \/><\/figure>\n\n\n\n<figure class=\"wp-block-image size-large\"><img loading=\"lazy\" decoding=\"async\" width=\"488\" height=\"590\" data-id=\"23918\" src=\"https:\/\/radiostudiow.com.br\/site\/wp-content\/uploads\/2024\/06\/10-2.jpg\" alt=\"\" class=\"wp-image-23918\" srcset=\"https:\/\/radiostudiow.com.br\/site\/wp-content\/uploads\/2024\/06\/10-2.jpg 488w, https:\/\/radiostudiow.com.br\/site\/wp-content\/uploads\/2024\/06\/10-2-248x300.jpg 248w, https:\/\/radiostudiow.com.br\/site\/wp-content\/uploads\/2024\/06\/10-2-150x180.jpg 150w\" sizes=\"auto, (max-width: 488px) 100vw, 488px\" \/><\/figure>\n<\/figure>\n","protected":false},"excerpt":{"rendered":"<p>O Corpo de Bombeiros de Porto Uni\u00e3o atendeu na manh\u00e3 desta ter\u00e7a-feira, 25, por volta das 6 horas um acidente de tr\u00e2nsito no bairro Bela Vista envolvendo uma motocicleta Honda e uma camionete Ranger. A condutora da motocicleta, identificada como&nbsp;Raissa Souza Cola\u00e7o, de 20 anos estava inconsciente, com batimentos card\u00edacos fracos e fratura fechada no [&hellip;]<\/p>\n","protected":false},"author":2,"featured_media":23916,"comment_status":"open","ping_status":"open","sticky":false,"template":"","format":"standard","meta":{"footnotes":""},"categories":[185],"tags":[172],"class_list":["post-23907","post","type-post","status-publish","format-standard","has-post-thumbnail","hentry","category-regional","tag-featured"],"amp_enabled":true,"_links":{"self":[{"href":"https:\/\/radiostudiow.com.br\/site\/wp-json\/wp\/v2\/posts\/23907","targetHints":{"allow":["GET"]}}],"collection":[{"href":"https:\/\/radiostudiow.com.br\/site\/wp-json\/wp\/v2\/posts"}],"about":[{"href":"https:\/\/radiostudiow.com.br\/site\/wp-json\/wp\/v2\/types\/post"}],"author":[{"embeddable":true,"href":"https:\/\/radiostudiow.com.br\/site\/wp-json\/wp\/v2\/users\/2"}],"replies":[{"embeddable":true,"href":"https:\/\/radiostudiow.com.br\/site\/wp-json\/wp\/v2\/comments?post=23907"}],"version-history":[{"count":4,"href":"https:\/\/radiostudiow.com.br\/site\/wp-json\/wp\/v2\/posts\/23907\/revisions"}],"predecessor-version":[{"id":23937,"href":"https:\/\/radiostudiow.com.br\/site\/wp-json\/wp\/v2\/posts\/23907\/revisions\/23937"}],"wp:featuredmedia":[{"embeddable":true,"href":"https:\/\/radiostudiow.com.br\/site\/wp-json\/wp\/v2\/media\/23916"}],"wp:attachment":[{"href":"https:\/\/radiostudiow.com.br\/site\/wp-json\/wp\/v2\/media?parent=23907"}],"wp:term":[{"taxonomy":"category","embeddable":true,"href":"https:\/\/radiostudiow.com.br\/site\/wp-json\/wp\/v2\/categories?post=23907"},{"taxonomy":"post_tag","embeddable":true,"href":"https:\/\/radiostudiow.com.br\/site\/wp-json\/wp\/v2\/tags?post=23907"}],"curies":[{"name":"wp","href":"https:\/\/api.w.org\/{rel}","templated":true}]}}