{"id":23910,"date":"2024-06-25T18:30:51","date_gmt":"2024-06-25T21:30:51","guid":{"rendered":"https:\/\/radiostudiow.com.br\/site\/?p=23910"},"modified":"2025-01-31T14:59:13","modified_gmt":"2025-01-31T17:59:13","slug":"bicicleta-furtada-e-recuperada-em-mallet-gracas-a-denuncia-anonima","status":"publish","type":"post","link":"https:\/\/radiostudiow.com.br\/site\/2024\/06\/25\/bicicleta-furtada-e-recuperada-em-mallet-gracas-a-denuncia-anonima\/","title":{"rendered":"Bicicleta Furtada \u00e9 Recuperada em Mallet Gra\u00e7as a Den\u00fancia An\u00f4nima"},"content":{"rendered":"\n<p>Uma moradora de Mallet teve sua bicicleta furtada na tarde desta segunda-feira (24), mas gra\u00e7as a uma den\u00fancia an\u00f4nima, o ve\u00edculo foi recuperado pela Pol\u00edcia Militar no mesmo dia. O caso, que gerou grande repercuss\u00e3o nas redes sociais, teve um desfecho positivo para a v\u00edtima.<\/p>\n\n\n\n<figure class=\"wp-block-image size-full\"><img decoding=\"async\" src=\"https:\/\/radiostudiow.com.br\/site\/wp-content\/uploads\/2024\/04\/SITE-MEDIO.png\" alt=\"\" class=\"wp-image-21854\"\/><\/figure>\n\n\n\n<p>De acordo com o boletim de ocorr\u00eancia registrado no Pelot\u00e3o da Pol\u00edcia Militar de Mallet, a solicitante relatou que deixou sua bicicleta de cor prata do lado de fora do estabelecimento onde trabalha por volta das 13h30. Ao sair do local, aproximadamente \u00e0s 18h, notou que a bicicleta havia desaparecido.<\/p>\n\n\n\n<p>A v\u00edtima apresentou um v\u00eddeo das c\u00e2meras de seguran\u00e7a, que mostrou o exato momento do furto.<\/p>\n\n\n\n<p>Nas imagens, um homem vestindo uma blusa verde, cal\u00e7a cinza e botas de borracha pretas \u00e9 visto furtando a bicicleta \u00e0s 14h54.<\/p>\n\n\n\n<figure class=\"wp-block-image size-full\"><img decoding=\"async\" src=\"https:\/\/radiostudiow.com.br\/site\/wp-content\/uploads\/2024\/04\/image-47.png\" alt=\"\" class=\"wp-image-21404\"\/><\/figure>\n\n\n\n<p>Com base nessas informa\u00e7\u00f5es, a equipe da Pol\u00edcia Militar orientou a v\u00edtima sobre os procedimentos a serem tomados.<\/p>\n\n\n\n<p>Mais tarde, a not\u00edcia do furto circulou pelas redes sociais, mobilizando a comunidade.<\/p>\n\n\n\n<p>Uma den\u00fancia an\u00f4nima informou que havia uma bicicleta abandonada na pra\u00e7a pr\u00f3xima \u00e0 antiga prefeitura municipal de Mallet. A Pol\u00edcia Militar foi acionada para verificar a informa\u00e7\u00e3o e constatou que se tratava da bicicleta furtada mais cedo.<\/p>\n","protected":false},"excerpt":{"rendered":"<p>Uma moradora de Mallet teve sua bicicleta furtada na tarde desta segunda-feira (24), mas gra\u00e7as a uma den\u00fancia an\u00f4nima, o ve\u00edculo foi recuperado pela Pol\u00edcia Militar no mesmo dia. O caso, que gerou grande repercuss\u00e3o nas redes sociais, teve um desfecho positivo para a v\u00edtima. De acordo com o boletim de ocorr\u00eancia registrado no Pelot\u00e3o [&hellip;]<\/p>\n","protected":false},"author":2,"featured_media":23911,"comment_status":"open","ping_status":"open","sticky":false,"template":"","format":"standard","meta":{"footnotes":""},"categories":[2],"tags":[172],"class_list":["post-23910","post","type-post","status-publish","format-standard","has-post-thumbnail","hentry","category-policial","tag-featured"],"amp_enabled":true,"_links":{"self":[{"href":"https:\/\/radiostudiow.com.br\/site\/wp-json\/wp\/v2\/posts\/23910","targetHints":{"allow":["GET"]}}],"collection":[{"href":"https:\/\/radiostudiow.com.br\/site\/wp-json\/wp\/v2\/posts"}],"about":[{"href":"https:\/\/radiostudiow.com.br\/site\/wp-json\/wp\/v2\/types\/post"}],"author":[{"embeddable":true,"href":"https:\/\/radiostudiow.com.br\/site\/wp-json\/wp\/v2\/users\/2"}],"replies":[{"embeddable":true,"href":"https:\/\/radiostudiow.com.br\/site\/wp-json\/wp\/v2\/comments?post=23910"}],"version-history":[{"count":1,"href":"https:\/\/radiostudiow.com.br\/site\/wp-json\/wp\/v2\/posts\/23910\/revisions"}],"predecessor-version":[{"id":23912,"href":"https:\/\/radiostudiow.com.br\/site\/wp-json\/wp\/v2\/posts\/23910\/revisions\/23912"}],"wp:featuredmedia":[{"embeddable":true,"href":"https:\/\/radiostudiow.com.br\/site\/wp-json\/wp\/v2\/media\/23911"}],"wp:attachment":[{"href":"https:\/\/radiostudiow.com.br\/site\/wp-json\/wp\/v2\/media?parent=23910"}],"wp:term":[{"taxonomy":"category","embeddable":true,"href":"https:\/\/radiostudiow.com.br\/site\/wp-json\/wp\/v2\/categories?post=23910"},{"taxonomy":"post_tag","embeddable":true,"href":"https:\/\/radiostudiow.com.br\/site\/wp-json\/wp\/v2\/tags?post=23910"}],"curies":[{"name":"wp","href":"https:\/\/api.w.org\/{rel}","templated":true}]}}