{"id":2392,"date":"2021-06-10T17:59:36","date_gmt":"2021-06-10T20:59:36","guid":{"rendered":"https:\/\/radiostudiow.com.br\/site\/?p=2392"},"modified":"2025-01-15T11:47:45","modified_gmt":"2025-01-15T14:47:45","slug":"pm-e-acionada-apos-filho-embriagado-gritar-com-a-mae-em-mallet","status":"publish","type":"post","link":"https:\/\/radiostudiow.com.br\/site\/2021\/06\/10\/pm-e-acionada-apos-filho-embriagado-gritar-com-a-mae-em-mallet\/","title":{"rendered":"PM \u00c9 ACIONADA AP\u00d3S FILHO EMBRIAGADO GRITAR COM A M\u00c3E EM MALLET"},"content":{"rendered":"\n<p>A equipe da Pol\u00edcia Militar de Mallet se deslocou at\u00e9 a localidade da Col\u00f4nia Serra Vermelha ap\u00f3s ser acionada via SISCOP, aonde relatava que um homem estaria agredindo a sua m\u00e3e. A situa\u00e7\u00e3o ocorreu nesta quarta \u2013 feira (09).<\/p>\n\n\n\n<p>De acordo com a solicita\u00e7\u00e3o, ouviu gritarias vindas da resid\u00eancia da v\u00edtima.<\/p>\n\n\n\n<p>No local os policiais conversaram a v\u00edtima, a qual relatou que n\u00e3o tinha crime, que seu filho ficou um pouco exaltado porque havia ingerido bebida alco\u00f3lica. Os policiais perguntaram para a v\u00edtima se havia sido agredida, respondeu que n\u00e3o e ainda completou que n\u00e3o tem o porqu\u00ea da viatura estar l\u00e1, pediu para a equipe da PM se retirar do local.<\/p>\n\n\n\n<p>Diante da situa\u00e7\u00e3o os policiais somente orientaram a v\u00edtima.<\/p>\n\n\n\n<figure class=\"wp-block-image size-large\"><img decoding=\"async\" src=\"https:\/\/radiostudiow.com.br\/site\/wp-content\/uploads\/2021\/06\/bahniuk.jpg\" alt=\"\" class=\"wp-image-2328\"\/><\/figure>\n","protected":false},"excerpt":{"rendered":"<p>A equipe da Pol\u00edcia Militar de Mallet se deslocou at\u00e9 a localidade da Col\u00f4nia Serra Vermelha ap\u00f3s ser acionada via SISCOP, aonde relatava que um homem estaria agredindo a sua m\u00e3e. A situa\u00e7\u00e3o ocorreu nesta quarta \u2013 feira (09). De acordo com a solicita\u00e7\u00e3o, ouviu gritarias vindas da resid\u00eancia da v\u00edtima. No local os policiais [&hellip;]<\/p>\n","protected":false},"author":2,"featured_media":1298,"comment_status":"open","ping_status":"open","sticky":false,"template":"","format":"standard","meta":{"footnotes":""},"categories":[2],"tags":[172],"class_list":["post-2392","post","type-post","status-publish","format-standard","has-post-thumbnail","hentry","category-policial","tag-featured"],"amp_enabled":true,"_links":{"self":[{"href":"https:\/\/radiostudiow.com.br\/site\/wp-json\/wp\/v2\/posts\/2392","targetHints":{"allow":["GET"]}}],"collection":[{"href":"https:\/\/radiostudiow.com.br\/site\/wp-json\/wp\/v2\/posts"}],"about":[{"href":"https:\/\/radiostudiow.com.br\/site\/wp-json\/wp\/v2\/types\/post"}],"author":[{"embeddable":true,"href":"https:\/\/radiostudiow.com.br\/site\/wp-json\/wp\/v2\/users\/2"}],"replies":[{"embeddable":true,"href":"https:\/\/radiostudiow.com.br\/site\/wp-json\/wp\/v2\/comments?post=2392"}],"version-history":[{"count":1,"href":"https:\/\/radiostudiow.com.br\/site\/wp-json\/wp\/v2\/posts\/2392\/revisions"}],"predecessor-version":[{"id":2393,"href":"https:\/\/radiostudiow.com.br\/site\/wp-json\/wp\/v2\/posts\/2392\/revisions\/2393"}],"wp:featuredmedia":[{"embeddable":true,"href":"https:\/\/radiostudiow.com.br\/site\/wp-json\/wp\/v2\/media\/1298"}],"wp:attachment":[{"href":"https:\/\/radiostudiow.com.br\/site\/wp-json\/wp\/v2\/media?parent=2392"}],"wp:term":[{"taxonomy":"category","embeddable":true,"href":"https:\/\/radiostudiow.com.br\/site\/wp-json\/wp\/v2\/categories?post=2392"},{"taxonomy":"post_tag","embeddable":true,"href":"https:\/\/radiostudiow.com.br\/site\/wp-json\/wp\/v2\/tags?post=2392"}],"curies":[{"name":"wp","href":"https:\/\/api.w.org\/{rel}","templated":true}]}}