{"id":23922,"date":"2024-06-25T21:31:07","date_gmt":"2024-06-26T00:31:07","guid":{"rendered":"https:\/\/radiostudiow.com.br\/site\/?p=23922"},"modified":"2025-01-31T14:59:13","modified_gmt":"2025-01-31T17:59:13","slug":"catedral-sagrado-coracao-de-jesus-em-uniao-da-vitoria-foi-alvo-de-furto","status":"publish","type":"post","link":"https:\/\/radiostudiow.com.br\/site\/2024\/06\/25\/catedral-sagrado-coracao-de-jesus-em-uniao-da-vitoria-foi-alvo-de-furto\/","title":{"rendered":"Catedral Sagrado Cora\u00e7\u00e3o de Jesus em Uni\u00e3o da Vit\u00f3ria foi alvo de furto"},"content":{"rendered":"\n<p>Na sexta-feira, 21 de junho, a Catedral Sagrado Cora\u00e7\u00e3o de Jesus, em Uni\u00e3o da Vit\u00f3ria, foi alvo de furto. Segundo informa\u00e7\u00f5es, foram subtra\u00eddos microfones e controles das TVs que estavam na sacristia do templo religioso.<\/p>\n\n\n\n<figure class=\"wp-block-image size-full\"><img loading=\"lazy\" decoding=\"async\" width=\"598\" height=\"204\" src=\"https:\/\/radiostudiow.com.br\/site\/wp-content\/uploads\/2024\/04\/image-39.png\" alt=\"\" class=\"wp-image-21311\" srcset=\"https:\/\/radiostudiow.com.br\/site\/wp-content\/uploads\/2024\/04\/image-39.png 598w, https:\/\/radiostudiow.com.br\/site\/wp-content\/uploads\/2024\/04\/image-39-300x102.png 300w\" sizes=\"auto, (max-width: 598px) 100vw, 598px\" \/><\/figure>\n\n\n\n<p>Imagens captadas pelas c\u00e2meras de seguran\u00e7a registraram toda a a\u00e7\u00e3o, auxiliando na identifica\u00e7\u00e3o do autor do crime. A porta n\u00e3o apresentava sinais de arrombamento, indicando que o ladr\u00e3o utilizou alguma ferramenta para ter acesso ao interior da catedral.<\/p>\n\n\n\n<p>Este incidente ocorre pouco tempo ap\u00f3s outro furto na mesma semana, quando um Datashow e uma caixa de som pequena tamb\u00e9m foram levados do local.<\/p>\n\n\n\n<p>A Pol\u00edcia Civil j\u00e1 est\u00e1 com o boletim de ocorr\u00eancia em m\u00e3os e iniciou as investiga\u00e7\u00f5es para elucidar o caso.<\/p>\n","protected":false},"excerpt":{"rendered":"<p>Na sexta-feira, 21 de junho, a Catedral Sagrado Cora\u00e7\u00e3o de Jesus, em Uni\u00e3o da Vit\u00f3ria, foi alvo de furto. Segundo informa\u00e7\u00f5es, foram subtra\u00eddos microfones e controles das TVs que estavam na sacristia do templo religioso. Imagens captadas pelas c\u00e2meras de seguran\u00e7a registraram toda a a\u00e7\u00e3o, auxiliando na identifica\u00e7\u00e3o do autor do crime. A porta n\u00e3o [&hellip;]<\/p>\n","protected":false},"author":2,"featured_media":23923,"comment_status":"open","ping_status":"open","sticky":false,"template":"","format":"standard","meta":{"footnotes":""},"categories":[2],"tags":[172],"class_list":["post-23922","post","type-post","status-publish","format-standard","has-post-thumbnail","hentry","category-policial","tag-featured"],"amp_enabled":true,"_links":{"self":[{"href":"https:\/\/radiostudiow.com.br\/site\/wp-json\/wp\/v2\/posts\/23922","targetHints":{"allow":["GET"]}}],"collection":[{"href":"https:\/\/radiostudiow.com.br\/site\/wp-json\/wp\/v2\/posts"}],"about":[{"href":"https:\/\/radiostudiow.com.br\/site\/wp-json\/wp\/v2\/types\/post"}],"author":[{"embeddable":true,"href":"https:\/\/radiostudiow.com.br\/site\/wp-json\/wp\/v2\/users\/2"}],"replies":[{"embeddable":true,"href":"https:\/\/radiostudiow.com.br\/site\/wp-json\/wp\/v2\/comments?post=23922"}],"version-history":[{"count":1,"href":"https:\/\/radiostudiow.com.br\/site\/wp-json\/wp\/v2\/posts\/23922\/revisions"}],"predecessor-version":[{"id":23924,"href":"https:\/\/radiostudiow.com.br\/site\/wp-json\/wp\/v2\/posts\/23922\/revisions\/23924"}],"wp:featuredmedia":[{"embeddable":true,"href":"https:\/\/radiostudiow.com.br\/site\/wp-json\/wp\/v2\/media\/23923"}],"wp:attachment":[{"href":"https:\/\/radiostudiow.com.br\/site\/wp-json\/wp\/v2\/media?parent=23922"}],"wp:term":[{"taxonomy":"category","embeddable":true,"href":"https:\/\/radiostudiow.com.br\/site\/wp-json\/wp\/v2\/categories?post=23922"},{"taxonomy":"post_tag","embeddable":true,"href":"https:\/\/radiostudiow.com.br\/site\/wp-json\/wp\/v2\/tags?post=23922"}],"curies":[{"name":"wp","href":"https:\/\/api.w.org\/{rel}","templated":true}]}}