{"id":23925,"date":"2024-06-25T21:51:04","date_gmt":"2024-06-26T00:51:04","guid":{"rendered":"https:\/\/radiostudiow.com.br\/site\/?p=23925"},"modified":"2025-01-31T14:59:13","modified_gmt":"2025-01-31T17:59:13","slug":"moto-furtada-foi-localizada-com-individuo-com-historico-criminal-extenso","status":"publish","type":"post","link":"https:\/\/radiostudiow.com.br\/site\/2024\/06\/25\/moto-furtada-foi-localizada-com-individuo-com-historico-criminal-extenso\/","title":{"rendered":"Moto furtada foi localizada com indiv\u00edduo com hist\u00f3rico criminal extenso"},"content":{"rendered":"\n<p>A equipe policial recebeu informa\u00e7\u00f5es sobre uma moto que foi furtada em Uni\u00e3o da Vit\u00f3ria durante a madrugada desta segunda-feira, 24, e que a o ve\u00edculo furtado estaria indo em dire\u00e7\u00e3o a S\u00e3o Mateus do Sul.<\/p>\n\n\n\n<figure class=\"wp-block-image size-large\"><img loading=\"lazy\" decoding=\"async\" width=\"1024\" height=\"390\" src=\"https:\/\/radiostudiow.com.br\/site\/wp-content\/uploads\/2024\/06\/image-2-1024x390.png\" alt=\"\" class=\"wp-image-23309\" srcset=\"https:\/\/radiostudiow.com.br\/site\/wp-content\/uploads\/2024\/06\/image-2-1024x390.png 1024w, https:\/\/radiostudiow.com.br\/site\/wp-content\/uploads\/2024\/06\/image-2-300x114.png 300w, https:\/\/radiostudiow.com.br\/site\/wp-content\/uploads\/2024\/06\/image-2-768x292.png 768w, https:\/\/radiostudiow.com.br\/site\/wp-content\/uploads\/2024\/06\/image-2-1536x584.png 1536w, https:\/\/radiostudiow.com.br\/site\/wp-content\/uploads\/2024\/06\/image-2-2048x779.png 2048w\" sizes=\"auto, (max-width: 1024px) 100vw, 1024px\" \/><\/figure>\n\n\n\n<p>As equipes conseguiram localizar e abordar o suspeito junto com a motocicleta.&nbsp;Al\u00e9m da moto Honda\/CG 160 Fan, foram apreendidos um celular de origem il\u00edcita e uma pequena quantia em dinheiro \u2013 reais e d\u00f3lares.<\/p>\n\n\n\n<p>O suspeito tamb\u00e9m tinha diversos mandados de pris\u00e3o em seu desfavor em diferentes estados.&nbsp;Ele foi encaminhado para uma unidade de sa\u00fade e posteriormente para a 3\u00aa SDP de S\u00e3o Mateus do Sul.<\/p>\n\n\n\n<p>A moto e os demais objetos recuperados e apreendidos foram entregues \u00e0 3\u00aa SDP de S\u00e3o Mateus do Sul.<\/p>\n","protected":false},"excerpt":{"rendered":"<p>A equipe policial recebeu informa\u00e7\u00f5es sobre uma moto que foi furtada em Uni\u00e3o da Vit\u00f3ria durante a madrugada desta segunda-feira, 24, e que a o ve\u00edculo furtado estaria indo em dire\u00e7\u00e3o a S\u00e3o Mateus do Sul. As equipes conseguiram localizar e abordar o suspeito junto com a motocicleta.&nbsp;Al\u00e9m da moto Honda\/CG 160 Fan, foram apreendidos [&hellip;]<\/p>\n","protected":false},"author":2,"featured_media":23926,"comment_status":"open","ping_status":"open","sticky":false,"template":"","format":"standard","meta":{"footnotes":""},"categories":[2],"tags":[172],"class_list":["post-23925","post","type-post","status-publish","format-standard","has-post-thumbnail","hentry","category-policial","tag-featured"],"amp_enabled":true,"_links":{"self":[{"href":"https:\/\/radiostudiow.com.br\/site\/wp-json\/wp\/v2\/posts\/23925","targetHints":{"allow":["GET"]}}],"collection":[{"href":"https:\/\/radiostudiow.com.br\/site\/wp-json\/wp\/v2\/posts"}],"about":[{"href":"https:\/\/radiostudiow.com.br\/site\/wp-json\/wp\/v2\/types\/post"}],"author":[{"embeddable":true,"href":"https:\/\/radiostudiow.com.br\/site\/wp-json\/wp\/v2\/users\/2"}],"replies":[{"embeddable":true,"href":"https:\/\/radiostudiow.com.br\/site\/wp-json\/wp\/v2\/comments?post=23925"}],"version-history":[{"count":1,"href":"https:\/\/radiostudiow.com.br\/site\/wp-json\/wp\/v2\/posts\/23925\/revisions"}],"predecessor-version":[{"id":23927,"href":"https:\/\/radiostudiow.com.br\/site\/wp-json\/wp\/v2\/posts\/23925\/revisions\/23927"}],"wp:featuredmedia":[{"embeddable":true,"href":"https:\/\/radiostudiow.com.br\/site\/wp-json\/wp\/v2\/media\/23926"}],"wp:attachment":[{"href":"https:\/\/radiostudiow.com.br\/site\/wp-json\/wp\/v2\/media?parent=23925"}],"wp:term":[{"taxonomy":"category","embeddable":true,"href":"https:\/\/radiostudiow.com.br\/site\/wp-json\/wp\/v2\/categories?post=23925"},{"taxonomy":"post_tag","embeddable":true,"href":"https:\/\/radiostudiow.com.br\/site\/wp-json\/wp\/v2\/tags?post=23925"}],"curies":[{"name":"wp","href":"https:\/\/api.w.org\/{rel}","templated":true}]}}