{"id":23928,"date":"2024-06-25T21:53:31","date_gmt":"2024-06-26T00:53:31","guid":{"rendered":"https:\/\/radiostudiow.com.br\/site\/?p=23928"},"modified":"2025-01-31T14:59:13","modified_gmt":"2025-01-31T17:59:13","slug":"saude-confirma-20-610-novos-casos-de-dengue-e-mais-13-obitos-no-parana","status":"publish","type":"post","link":"https:\/\/radiostudiow.com.br\/site\/2024\/06\/25\/saude-confirma-20-610-novos-casos-de-dengue-e-mais-13-obitos-no-parana\/","title":{"rendered":"Sa\u00fade confirma 20.610 novos casos de dengue e mais 13 \u00f3bitos no Paran\u00e1"},"content":{"rendered":"\n<p>A Secretaria de Estado da Sa\u00fade (Sesa) divulgou nesta ter\u00e7a-feira (25) o novo boletim epidemiol\u00f3gico semanal da dengue. O Paran\u00e1 registrou mais 20.678 notifica\u00e7\u00f5es, 20.610 novos casos da doen\u00e7a e 13 \u00f3bitos. Ao todo, desde o in\u00edcio deste per\u00edodo epidemiol\u00f3gico, em julho de 2023, o Estado contabiliza 881.228 notifica\u00e7\u00f5es, 526.503 casos e 473 mortes em decorr\u00eancia da doen\u00e7a.<\/p>\n\n\n\n<figure class=\"wp-block-image size-full\"><img loading=\"lazy\" decoding=\"async\" width=\"590\" height=\"204\" src=\"https:\/\/radiostudiow.com.br\/site\/wp-content\/uploads\/2024\/04\/image-27.png\" alt=\"\" class=\"wp-image-21280\" srcset=\"https:\/\/radiostudiow.com.br\/site\/wp-content\/uploads\/2024\/04\/image-27.png 590w, https:\/\/radiostudiow.com.br\/site\/wp-content\/uploads\/2024\/04\/image-27-300x104.png 300w\" sizes=\"auto, (max-width: 590px) 100vw, 590px\" \/><\/figure>\n\n\n\n<p>Os 13 novos \u00f3bitos ocorreram entre 14 de mar\u00e7o e 31 de maio. S\u00e3o seis homens e sete mulheres com idades entre um dia de vida e 89 anos. As mortes foram registradas em Marechal C\u00e2ndido Rondon (4), Cascavel (2), Cruzeiro do Oeste, Icara\u00edma, Mariluz, Umuarama, Sertan\u00f3polis, Nova Santa Rosa e Toledo.<\/p>\n\n\n\n<p>O secret\u00e1rio estadual da Sa\u00fade, C\u00e9sar Neves, faz um alerta sobre os cuidados com a doen\u00e7a mesmo durante o inverno. <em><strong>\u201cA elimina\u00e7\u00e3o dos criadouros deve ser cont\u00ednua, mesmo nos per\u00edodos mais frios e secos do ano. \u00c9 muito importante a remo\u00e7\u00e3o de qualquer recipiente que possa acumular \u00e1gua, pois os ovos do Aedes aegypti podem permanecer vi\u00e1veis no ambiente por mais de um ano, mesmo em condi\u00e7\u00f5es clim\u00e1ticas desfavor\u00e1veis\u201d, diz o secret\u00e1rio.<\/strong><\/em><\/p>\n\n\n\n<figure class=\"wp-block-image size-full\"><img decoding=\"async\" src=\"https:\/\/radiostudiow.com.br\/site\/wp-content\/uploads\/2024\/04\/SITE-MEDIO.png\" alt=\"\" class=\"wp-image-21854\"\/><\/figure>\n\n\n\n<p>A Regional de Sa\u00fade (RS) de Londrina \u00e9 que tem mais casos confirmados em n\u00fameros absolutos, com 64.208 diagn\u00f3sticos, seguida pela RS de Cascavel, com 62.045, e de Francisco Beltr\u00e3o, com 60.150.<\/p>\n\n\n\n<p>Com rela\u00e7\u00e3o aos \u00f3bitos, a Regional de Sa\u00fade de Londrina registra o maior n\u00famero, com 86 mortes. Depois vem a Regional de Cascavel, com 74 mortes, e a de Francisco Beltr\u00e3o, com 65.<\/p>\n","protected":false},"excerpt":{"rendered":"<p>A Secretaria de Estado da Sa\u00fade (Sesa) divulgou nesta ter\u00e7a-feira (25) o novo boletim epidemiol\u00f3gico semanal da dengue. O Paran\u00e1 registrou mais 20.678 notifica\u00e7\u00f5es, 20.610 novos casos da doen\u00e7a e 13 \u00f3bitos. Ao todo, desde o in\u00edcio deste per\u00edodo epidemiol\u00f3gico, em julho de 2023, o Estado contabiliza 881.228 notifica\u00e7\u00f5es, 526.503 casos e 473 mortes em [&hellip;]<\/p>\n","protected":false},"author":2,"featured_media":23432,"comment_status":"open","ping_status":"open","sticky":false,"template":"","format":"standard","meta":{"footnotes":""},"categories":[182],"tags":[172],"class_list":["post-23928","post","type-post","status-publish","format-standard","has-post-thumbnail","hentry","category-saude","tag-featured"],"amp_enabled":true,"_links":{"self":[{"href":"https:\/\/radiostudiow.com.br\/site\/wp-json\/wp\/v2\/posts\/23928","targetHints":{"allow":["GET"]}}],"collection":[{"href":"https:\/\/radiostudiow.com.br\/site\/wp-json\/wp\/v2\/posts"}],"about":[{"href":"https:\/\/radiostudiow.com.br\/site\/wp-json\/wp\/v2\/types\/post"}],"author":[{"embeddable":true,"href":"https:\/\/radiostudiow.com.br\/site\/wp-json\/wp\/v2\/users\/2"}],"replies":[{"embeddable":true,"href":"https:\/\/radiostudiow.com.br\/site\/wp-json\/wp\/v2\/comments?post=23928"}],"version-history":[{"count":1,"href":"https:\/\/radiostudiow.com.br\/site\/wp-json\/wp\/v2\/posts\/23928\/revisions"}],"predecessor-version":[{"id":23929,"href":"https:\/\/radiostudiow.com.br\/site\/wp-json\/wp\/v2\/posts\/23928\/revisions\/23929"}],"wp:featuredmedia":[{"embeddable":true,"href":"https:\/\/radiostudiow.com.br\/site\/wp-json\/wp\/v2\/media\/23432"}],"wp:attachment":[{"href":"https:\/\/radiostudiow.com.br\/site\/wp-json\/wp\/v2\/media?parent=23928"}],"wp:term":[{"taxonomy":"category","embeddable":true,"href":"https:\/\/radiostudiow.com.br\/site\/wp-json\/wp\/v2\/categories?post=23928"},{"taxonomy":"post_tag","embeddable":true,"href":"https:\/\/radiostudiow.com.br\/site\/wp-json\/wp\/v2\/tags?post=23928"}],"curies":[{"name":"wp","href":"https:\/\/api.w.org\/{rel}","templated":true}]}}