{"id":23934,"date":"2024-06-25T21:59:34","date_gmt":"2024-06-26T00:59:34","guid":{"rendered":"https:\/\/radiostudiow.com.br\/site\/?p=23934"},"modified":"2025-01-31T14:59:12","modified_gmt":"2025-01-31T17:59:12","slug":"grave-acidente-deixa-motorista-preso-nas-ferragens-na-br-476-em-sao-mateus-do-sul","status":"publish","type":"post","link":"https:\/\/radiostudiow.com.br\/site\/2024\/06\/25\/grave-acidente-deixa-motorista-preso-nas-ferragens-na-br-476-em-sao-mateus-do-sul\/","title":{"rendered":"Grave acidente deixa motorista preso nas ferragens na BR-476 em S\u00e3o Mateus do Sul"},"content":{"rendered":"\n<p>Por volta das 23:15 horas desta segunda-feira, 24 de junho, equipes de socorro do Corpo de Bombeiros, SAMU de S\u00e3o Mateus do Sul e Brigada de Inc\u00eandio de Paulo Frontin foram mobilizadas para atender a uma ocorr\u00eancia grave na BR-476, km 315, na regi\u00e3o do Limoeiro.<\/p>\n\n\n\n<figure class=\"wp-block-image size-full\"><img decoding=\"async\" src=\"https:\/\/radiostudiow.com.br\/site\/wp-content\/uploads\/2024\/04\/image-45.png\" alt=\"\" class=\"wp-image-21394\"\/><\/figure>\n\n\n\n<p>Um caminh\u00e3o, ao fazer uma manobra em forma de L, saiu da pista e colidiu violentamente contra uma \u00e1rvore, deixando o motorista preso \u00e0s ferragens.<\/p>\n\n\n\n<p>Ap\u00f3s intensos esfor\u00e7os de resgate, os bombeiros conseguiram desencarcerar o condutor, que foi imediatamente socorrido pelo SAMU e encaminhado ao Hospital Regional em Uni\u00e3o da Vit\u00f3ria.<\/p>\n\n\n\n<p>A Pol\u00edcia Rodovi\u00e1ria Federal (PRF) tamb\u00e9m esteve presente no local para os procedimentos necess\u00e1rios.<\/p>\n\n\n\n<p><\/p>\n","protected":false},"excerpt":{"rendered":"<p>Por volta das 23:15 horas desta segunda-feira, 24 de junho, equipes de socorro do Corpo de Bombeiros, SAMU de S\u00e3o Mateus do Sul e Brigada de Inc\u00eandio de Paulo Frontin foram mobilizadas para atender a uma ocorr\u00eancia grave na BR-476, km 315, na regi\u00e3o do Limoeiro. Um caminh\u00e3o, ao fazer uma manobra em forma de [&hellip;]<\/p>\n","protected":false},"author":2,"featured_media":23935,"comment_status":"open","ping_status":"open","sticky":false,"template":"","format":"standard","meta":{"footnotes":""},"categories":[185],"tags":[172],"class_list":["post-23934","post","type-post","status-publish","format-standard","has-post-thumbnail","hentry","category-regional","tag-featured"],"amp_enabled":true,"_links":{"self":[{"href":"https:\/\/radiostudiow.com.br\/site\/wp-json\/wp\/v2\/posts\/23934","targetHints":{"allow":["GET"]}}],"collection":[{"href":"https:\/\/radiostudiow.com.br\/site\/wp-json\/wp\/v2\/posts"}],"about":[{"href":"https:\/\/radiostudiow.com.br\/site\/wp-json\/wp\/v2\/types\/post"}],"author":[{"embeddable":true,"href":"https:\/\/radiostudiow.com.br\/site\/wp-json\/wp\/v2\/users\/2"}],"replies":[{"embeddable":true,"href":"https:\/\/radiostudiow.com.br\/site\/wp-json\/wp\/v2\/comments?post=23934"}],"version-history":[{"count":1,"href":"https:\/\/radiostudiow.com.br\/site\/wp-json\/wp\/v2\/posts\/23934\/revisions"}],"predecessor-version":[{"id":23936,"href":"https:\/\/radiostudiow.com.br\/site\/wp-json\/wp\/v2\/posts\/23934\/revisions\/23936"}],"wp:featuredmedia":[{"embeddable":true,"href":"https:\/\/radiostudiow.com.br\/site\/wp-json\/wp\/v2\/media\/23935"}],"wp:attachment":[{"href":"https:\/\/radiostudiow.com.br\/site\/wp-json\/wp\/v2\/media?parent=23934"}],"wp:term":[{"taxonomy":"category","embeddable":true,"href":"https:\/\/radiostudiow.com.br\/site\/wp-json\/wp\/v2\/categories?post=23934"},{"taxonomy":"post_tag","embeddable":true,"href":"https:\/\/radiostudiow.com.br\/site\/wp-json\/wp\/v2\/tags?post=23934"}],"curies":[{"name":"wp","href":"https:\/\/api.w.org\/{rel}","templated":true}]}}