{"id":2394,"date":"2021-06-10T18:20:07","date_gmt":"2021-06-10T21:20:07","guid":{"rendered":"https:\/\/radiostudiow.com.br\/site\/?p=2394"},"modified":"2025-01-15T11:47:49","modified_gmt":"2025-01-15T14:47:49","slug":"registrado-furto-no-bairro-dos-lima-em-mallet","status":"publish","type":"post","link":"https:\/\/radiostudiow.com.br\/site\/2021\/06\/10\/registrado-furto-no-bairro-dos-lima-em-mallet\/","title":{"rendered":"REGISTRADO FURTO NO BAIRRO DOS LIMA, EM MALLET"},"content":{"rendered":"\n<p>A equipe da Pol\u00edcia Militar de Mallet \u00e9 acionada ap\u00f3s ocorrer um furto em uma propriedade na localidade do Bairro dos Lima, \u00e1rea rural do munic\u00edpio, nesta quarta \u2013 feira (09).<\/p>\n\n\n\n<p>A PM se deslocou at\u00e9 o local e conversou com a v\u00edtima, a qual passou a relatar que haviam furtado um eixo de esmeril com cerca de 60 cent\u00edmetros de comprimento debaixo do moinho que fica a margens do Rio Claro.<\/p>\n\n\n\n<p>Diante da situa\u00e7\u00e3o foi lavrado o boletim de ocorr\u00eancia e repassado para a Pol\u00edcia Civil para os procedimentos de policia judici\u00e1rios.<\/p>\n\n\n\n<figure class=\"wp-block-image size-large\"><img decoding=\"async\" src=\"https:\/\/radiostudiow.com.br\/site\/wp-content\/uploads\/2021\/06\/QUERO.QUERO_.jpg\" alt=\"\" class=\"wp-image-2395\"\/><\/figure>\n","protected":false},"excerpt":{"rendered":"<p>A equipe da Pol\u00edcia Militar de Mallet \u00e9 acionada ap\u00f3s ocorrer um furto em uma propriedade na localidade do Bairro dos Lima, \u00e1rea rural do munic\u00edpio, nesta quarta \u2013 feira (09). A PM se deslocou at\u00e9 o local e conversou com a v\u00edtima, a qual passou a relatar que haviam furtado um eixo de esmeril [&hellip;]<\/p>\n","protected":false},"author":2,"featured_media":0,"comment_status":"open","ping_status":"open","sticky":false,"template":"","format":"standard","meta":{"footnotes":""},"categories":[2],"tags":[172],"class_list":["post-2394","post","type-post","status-publish","format-standard","hentry","category-policial","tag-featured"],"amp_enabled":true,"_links":{"self":[{"href":"https:\/\/radiostudiow.com.br\/site\/wp-json\/wp\/v2\/posts\/2394","targetHints":{"allow":["GET"]}}],"collection":[{"href":"https:\/\/radiostudiow.com.br\/site\/wp-json\/wp\/v2\/posts"}],"about":[{"href":"https:\/\/radiostudiow.com.br\/site\/wp-json\/wp\/v2\/types\/post"}],"author":[{"embeddable":true,"href":"https:\/\/radiostudiow.com.br\/site\/wp-json\/wp\/v2\/users\/2"}],"replies":[{"embeddable":true,"href":"https:\/\/radiostudiow.com.br\/site\/wp-json\/wp\/v2\/comments?post=2394"}],"version-history":[{"count":1,"href":"https:\/\/radiostudiow.com.br\/site\/wp-json\/wp\/v2\/posts\/2394\/revisions"}],"predecessor-version":[{"id":2396,"href":"https:\/\/radiostudiow.com.br\/site\/wp-json\/wp\/v2\/posts\/2394\/revisions\/2396"}],"wp:attachment":[{"href":"https:\/\/radiostudiow.com.br\/site\/wp-json\/wp\/v2\/media?parent=2394"}],"wp:term":[{"taxonomy":"category","embeddable":true,"href":"https:\/\/radiostudiow.com.br\/site\/wp-json\/wp\/v2\/categories?post=2394"},{"taxonomy":"post_tag","embeddable":true,"href":"https:\/\/radiostudiow.com.br\/site\/wp-json\/wp\/v2\/tags?post=2394"}],"curies":[{"name":"wp","href":"https:\/\/api.w.org\/{rel}","templated":true}]}}