{"id":23940,"date":"2024-06-26T09:32:35","date_gmt":"2024-06-26T12:32:35","guid":{"rendered":"https:\/\/radiostudiow.com.br\/site\/?p=23940"},"modified":"2025-01-31T14:59:12","modified_gmt":"2025-01-31T17:59:12","slug":"adolescente-recupera-bicicleta-furtada-gracas-a-acao-rapida-da-policia-militar-de-mallet","status":"publish","type":"post","link":"https:\/\/radiostudiow.com.br\/site\/2024\/06\/26\/adolescente-recupera-bicicleta-furtada-gracas-a-acao-rapida-da-policia-militar-de-mallet\/","title":{"rendered":"Adolescente recupera bicicleta furtada Gra\u00e7as \u00e0 A\u00e7\u00e3o R\u00e1pida da Pol\u00edcia Militar de Mallet"},"content":{"rendered":"\n<p>Na tarde desta ter\u00e7a-feira (25), uma equipe da Pol\u00edcia Militar de Mallet, que realizava patrulhamento na \u00e1rea central do munic\u00edpio, foi abordada por um adolescente que relatou ter tido sua bicicleta furtada h\u00e1 poucos instantes.<\/p>\n\n\n\n<figure class=\"wp-block-image size-full\"><img loading=\"lazy\" decoding=\"async\" width=\"897\" height=\"204\" src=\"https:\/\/radiostudiow.com.br\/site\/wp-content\/uploads\/2024\/04\/image-38.png\" alt=\"\" class=\"wp-image-21308\" srcset=\"https:\/\/radiostudiow.com.br\/site\/wp-content\/uploads\/2024\/04\/image-38.png 897w, https:\/\/radiostudiow.com.br\/site\/wp-content\/uploads\/2024\/04\/image-38-300x68.png 300w, https:\/\/radiostudiow.com.br\/site\/wp-content\/uploads\/2024\/04\/image-38-768x175.png 768w\" sizes=\"auto, (max-width: 897px) 100vw, 897px\" \/><\/figure>\n\n\n\n<p>Segundo o jovem ele teria ido at\u00e9 ao Pr\u00e9dio da antiga Prefeitura de Mallet para buscar um curr\u00edculo na Ag\u00eancia do Trabalhador e deixado sua bicicleta dentro do p\u00e1tio e quando voltou n\u00e3o estava mais no lugar.<\/p>\n\n\n\n<p>O jovem forneceu \u00e0 equipe policial informa\u00e7\u00f5es detalhadas sobre as caracter\u00edsticas da bicicleta, uma KSW de cor branca, o que possibilitou o in\u00edcio imediato das dilig\u00eancias.<\/p>\n\n\n\n<p>Em resposta \u00e0 den\u00fancia, os policiais intensificaram o patrulhamento e, em pouco tempo, localizaram a bicicleta abandonada em frente a uma resid\u00eancia, encostada no gradil.<\/p>\n\n\n\n<p>A bicicleta foi ent\u00e3o encaminhada \u00e0 10\u00aa DRP, para registro e devolu\u00e7\u00e3o ao propriet\u00e1rio.<\/p>\n\n\n\n<p>Na delegacia, com a ajuda das imagens de seguran\u00e7a de um com\u00e9rcio proximo ao local, a pol\u00edcia conseguiu identificar o autor do furto.<\/p>\n\n\n\n<figure class=\"wp-block-image size-full\"><img loading=\"lazy\" decoding=\"async\" width=\"300\" height=\"180\" src=\"https:\/\/radiostudiow.com.br\/site\/wp-content\/uploads\/2024\/04\/SITE-PEQUENO-1.png\" alt=\"\" class=\"wp-image-21868\"\/><\/figure>\n\n\n\n<p>Com essa informa\u00e7\u00e3o em m\u00e3os, a equipe policial reiniciou as buscas pelo suspeito, obtendo sucesso na sua localiza\u00e7\u00e3o.<\/p>\n\n\n\n<p>O indiv\u00edduo foi abordado e, ap\u00f3s ser indagado, confessou ter cometido o furto. Recebeu voz de pris\u00e3o, teve seus direitos constitucionais lidos e foi encaminhado \u00e0 4\u00aa Subdivis\u00e3o Policial (SDP) de Uni\u00e3o da Vit\u00f3ria para os procedimentos legais cab\u00edveis.<\/p>\n\n\n\n<p>Essa r\u00e1pida e eficiente resposta da Pol\u00edcia Militar de Mallet refor\u00e7a o compromisso da corpora\u00e7\u00e3o com a seguran\u00e7a da comunidade, demonstrando que a coopera\u00e7\u00e3o entre a popula\u00e7\u00e3o e as for\u00e7as de seguran\u00e7a \u00e9 fundamental para a resolu\u00e7\u00e3o de crimes.<\/p>\n\n\n\n<figure class=\"wp-block-video\"><video controls src=\"https:\/\/radiostudiow.com.br\/site\/wp-content\/uploads\/2024\/06\/WhatsApp-Video-2024-06-25-at-19.02.52.mp4\"><\/video><\/figure>\n\n\n\n<div class=\"wp-block-media-text is-stacked-on-mobile\"><figure class=\"wp-block-media-text__media\"><video controls src=\"https:\/\/radiostudiow.com.br\/site\/wp-content\/uploads\/2024\/06\/An8uWiL57yNRkhEvsE39kLDjMDj3dIxUeWnJJ69dkktv7SmdrRBI-WtWvimMvYeTcRHLOaujTgTdIvFGUILD3sRb.mp4\"><\/video><\/figure><div class=\"wp-block-media-text__content\">\n<p>Ofertas quentinhas chegando para voc\u00ea!<\/p>\n\n\n\n<p>Veja  agora:<\/p>\n\n\n\n<p><a href=\"https:\/\/www.lojasafubra.com.br\/ofertas?fbclid=IwZXh0bgNhZW0CMTAAAR3OESzd5BqRF9cKtG7aHWROG4ojOGymArghSDfLLiipcbY45oyYYiV2b_M_aem_SGEi2c1I6L2jVIuxqNeQ3w\" target=\"_blank\" rel=\"noreferrer noopener\">https:\/\/www.lojasafubra.com.br\/ofertas<\/a>&#8230;<\/p>\n\n\n\n<p><img loading=\"lazy\" decoding=\"async\" height=\"16\" width=\"16\" src=\"https:\/\/static.xx.fbcdn.net\/images\/emoji.php\/v9\/t1c\/1\/16\/1f6d2.png\" alt=\"\ud83d\uded2\">&nbsp;Fa\u00e7a a sua compra no site:<\/p>\n\n\n\n<p><a href=\"https:\/\/l.facebook.com\/l.php?u=http%3A%2F%2Fwww.lojasafubra.com.br%2F%3Ffbclid%3DIwZXh0bgNhZW0CMTAAAR2mjedJ3O2R3nopluGcgYxnshQH_csoAhGW_2JmzFPWUA17sstCduvCuFI_aem_icDw_JPxqtESlQTIiysRjw&amp;h=AT0UGU0f5nb_Lh35CyqEW7I2vz4wo1nGUWqrJ7SzPBUY94uqwZf8yw3gK0H7zpZsTMB0VM_blMe1j0Y59d1Nsx9fFyB9wU_UCBi-CEsLnFjLlViK2ywJoaTjaHy4T4thNpUa&amp;__tn__=-UK*F\" target=\"_blank\" rel=\"noreferrer noopener\">www.lojasafubra.com.br<\/a><br>ou nas lojas f\u00edsicas da Afubra em cidades do Rio Grande do Sul, Santa Catarina e Paran\u00e1.<\/p>\n<\/div><\/div>\n","protected":false},"excerpt":{"rendered":"<p>Na tarde desta ter\u00e7a-feira (25), uma equipe da Pol\u00edcia Militar de Mallet, que realizava patrulhamento na \u00e1rea central do munic\u00edpio, foi abordada por um adolescente que relatou ter tido sua bicicleta furtada h\u00e1 poucos instantes. Segundo o jovem ele teria ido at\u00e9 ao Pr\u00e9dio da antiga Prefeitura de Mallet para buscar um curr\u00edculo na Ag\u00eancia [&hellip;]<\/p>\n","protected":false},"author":2,"featured_media":23942,"comment_status":"open","ping_status":"open","sticky":false,"template":"","format":"standard","meta":{"footnotes":""},"categories":[2],"tags":[172],"class_list":["post-23940","post","type-post","status-publish","format-standard","has-post-thumbnail","hentry","category-policial","tag-featured"],"amp_enabled":true,"_links":{"self":[{"href":"https:\/\/radiostudiow.com.br\/site\/wp-json\/wp\/v2\/posts\/23940","targetHints":{"allow":["GET"]}}],"collection":[{"href":"https:\/\/radiostudiow.com.br\/site\/wp-json\/wp\/v2\/posts"}],"about":[{"href":"https:\/\/radiostudiow.com.br\/site\/wp-json\/wp\/v2\/types\/post"}],"author":[{"embeddable":true,"href":"https:\/\/radiostudiow.com.br\/site\/wp-json\/wp\/v2\/users\/2"}],"replies":[{"embeddable":true,"href":"https:\/\/radiostudiow.com.br\/site\/wp-json\/wp\/v2\/comments?post=23940"}],"version-history":[{"count":2,"href":"https:\/\/radiostudiow.com.br\/site\/wp-json\/wp\/v2\/posts\/23940\/revisions"}],"predecessor-version":[{"id":23945,"href":"https:\/\/radiostudiow.com.br\/site\/wp-json\/wp\/v2\/posts\/23940\/revisions\/23945"}],"wp:featuredmedia":[{"embeddable":true,"href":"https:\/\/radiostudiow.com.br\/site\/wp-json\/wp\/v2\/media\/23942"}],"wp:attachment":[{"href":"https:\/\/radiostudiow.com.br\/site\/wp-json\/wp\/v2\/media?parent=23940"}],"wp:term":[{"taxonomy":"category","embeddable":true,"href":"https:\/\/radiostudiow.com.br\/site\/wp-json\/wp\/v2\/categories?post=23940"},{"taxonomy":"post_tag","embeddable":true,"href":"https:\/\/radiostudiow.com.br\/site\/wp-json\/wp\/v2\/tags?post=23940"}],"curies":[{"name":"wp","href":"https:\/\/api.w.org\/{rel}","templated":true}]}}