{"id":23947,"date":"2024-06-26T21:03:59","date_gmt":"2024-06-27T00:03:59","guid":{"rendered":"https:\/\/radiostudiow.com.br\/site\/?p=23947"},"modified":"2025-01-31T14:59:12","modified_gmt":"2025-01-31T17:59:12","slug":"pm-prende-homem-que-agrediu-mae-em-rio-azul","status":"publish","type":"post","link":"https:\/\/radiostudiow.com.br\/site\/2024\/06\/26\/pm-prende-homem-que-agrediu-mae-em-rio-azul\/","title":{"rendered":"PM prende homem que agrediu m\u00e3e em Rio Azul"},"content":{"rendered":"\n<p>A equipe da Pol\u00edcia Militar de Rio Azul foi acionada ap\u00f3s um homem, de 19 anos, ap\u00f3s agredir e tentar enforcar a sua pr\u00f3pria m\u00e3e nessa ter\u00e7a-feira (25).<\/p>\n\n\n\n<figure class=\"wp-block-image size-full\"><img decoding=\"async\" src=\"https:\/\/radiostudiow.com.br\/site\/wp-content\/uploads\/2024\/04\/image-42.png\" alt=\"\" class=\"wp-image-21334\"\/><\/figure>\n\n\n\n<p>O jovem foi contido pelo padrasto at\u00e9 a chegada dos policiais que precisou conter o agressor, que n\u00e3o estava obedecendo \u00e0s ordens.<\/p>\n\n\n\n<p>Durante o deslocamento at\u00e9 a Delegacia de Irati, o rapaz deu chutes no cambur\u00e3o da viatura policial.<\/p>\n","protected":false},"excerpt":{"rendered":"<p>A equipe da Pol\u00edcia Militar de Rio Azul foi acionada ap\u00f3s um homem, de 19 anos, ap\u00f3s agredir e tentar enforcar a sua pr\u00f3pria m\u00e3e nessa ter\u00e7a-feira (25). O jovem foi contido pelo padrasto at\u00e9 a chegada dos policiais que precisou conter o agressor, que n\u00e3o estava obedecendo \u00e0s ordens. Durante o deslocamento at\u00e9 a [&hellip;]<\/p>\n","protected":false},"author":2,"featured_media":22163,"comment_status":"open","ping_status":"open","sticky":false,"template":"","format":"standard","meta":{"footnotes":""},"categories":[2],"tags":[172],"class_list":["post-23947","post","type-post","status-publish","format-standard","has-post-thumbnail","hentry","category-policial","tag-featured"],"amp_enabled":true,"_links":{"self":[{"href":"https:\/\/radiostudiow.com.br\/site\/wp-json\/wp\/v2\/posts\/23947","targetHints":{"allow":["GET"]}}],"collection":[{"href":"https:\/\/radiostudiow.com.br\/site\/wp-json\/wp\/v2\/posts"}],"about":[{"href":"https:\/\/radiostudiow.com.br\/site\/wp-json\/wp\/v2\/types\/post"}],"author":[{"embeddable":true,"href":"https:\/\/radiostudiow.com.br\/site\/wp-json\/wp\/v2\/users\/2"}],"replies":[{"embeddable":true,"href":"https:\/\/radiostudiow.com.br\/site\/wp-json\/wp\/v2\/comments?post=23947"}],"version-history":[{"count":5,"href":"https:\/\/radiostudiow.com.br\/site\/wp-json\/wp\/v2\/posts\/23947\/revisions"}],"predecessor-version":[{"id":23972,"href":"https:\/\/radiostudiow.com.br\/site\/wp-json\/wp\/v2\/posts\/23947\/revisions\/23972"}],"wp:featuredmedia":[{"embeddable":true,"href":"https:\/\/radiostudiow.com.br\/site\/wp-json\/wp\/v2\/media\/22163"}],"wp:attachment":[{"href":"https:\/\/radiostudiow.com.br\/site\/wp-json\/wp\/v2\/media?parent=23947"}],"wp:term":[{"taxonomy":"category","embeddable":true,"href":"https:\/\/radiostudiow.com.br\/site\/wp-json\/wp\/v2\/categories?post=23947"},{"taxonomy":"post_tag","embeddable":true,"href":"https:\/\/radiostudiow.com.br\/site\/wp-json\/wp\/v2\/tags?post=23947"}],"curies":[{"name":"wp","href":"https:\/\/api.w.org\/{rel}","templated":true}]}}