{"id":23965,"date":"2024-06-26T21:13:47","date_gmt":"2024-06-27T00:13:47","guid":{"rendered":"https:\/\/radiostudiow.com.br\/site\/?p=23965"},"modified":"2025-01-31T14:59:12","modified_gmt":"2025-01-31T17:59:12","slug":"homem-e-encontrado-morto-vitima-de-enforcamento-em-general-carneiro","status":"publish","type":"post","link":"https:\/\/radiostudiow.com.br\/site\/2024\/06\/26\/homem-e-encontrado-morto-vitima-de-enforcamento-em-general-carneiro\/","title":{"rendered":"Homem \u00e9 encontrado morto v\u00edtima de enforcamento em General Carneiro"},"content":{"rendered":"\n<p>Um homem foi encontrado morto no in\u00edcio da tarde dessa ter\u00e7a-feira, 25 de junho, na cidade de General Carneiro. A informa\u00e7\u00e3o foi confirmada pelo Instituto m\u00e9dico Legal \u2013 IML que foi acionado para recolher o corpo.<\/p>\n\n\n\n<figure class=\"wp-block-image size-full\"><img decoding=\"async\" src=\"https:\/\/radiostudiow.com.br\/site\/wp-content\/uploads\/2024\/04\/image-47.png\" alt=\"\" class=\"wp-image-21404\"\/><\/figure>\n\n\n\n<p>De acordo com informa\u00e7\u00f5es, o homem morador do bairro Planalto estava desaparecido desde a segunda-feira, 24 de junho, e foi encontrado j\u00e1 sem vida v\u00edtima de enforcamento \u00e0s margens do rio Torino, tamb\u00e9m no bairro Planalto.<\/p>\n\n\n\n<p>O Instituto M\u00e9dico Legal fez o recolhimento do corpo para procedimentos cab\u00edveis e posterior libera\u00e7\u00e3o \u00e0 fam\u00edlia. A Pol\u00edcia tamb\u00e9m foi mobilizada na ocorr\u00eancia. O homem que \u00e9 idoso j\u00e1 foi identificado, no entanto, n\u00e3o teve o nome divulgado oficialmente at\u00e9 o momento.<\/p>\n","protected":false},"excerpt":{"rendered":"<p>Um homem foi encontrado morto no in\u00edcio da tarde dessa ter\u00e7a-feira, 25 de junho, na cidade de General Carneiro. A informa\u00e7\u00e3o foi confirmada pelo Instituto m\u00e9dico Legal \u2013 IML que foi acionado para recolher o corpo. De acordo com informa\u00e7\u00f5es, o homem morador do bairro Planalto estava desaparecido desde a segunda-feira, 24 de junho, e [&hellip;]<\/p>\n","protected":false},"author":2,"featured_media":22493,"comment_status":"open","ping_status":"open","sticky":false,"template":"","format":"standard","meta":{"footnotes":""},"categories":[2],"tags":[172],"class_list":["post-23965","post","type-post","status-publish","format-standard","has-post-thumbnail","hentry","category-policial","tag-featured"],"amp_enabled":true,"_links":{"self":[{"href":"https:\/\/radiostudiow.com.br\/site\/wp-json\/wp\/v2\/posts\/23965","targetHints":{"allow":["GET"]}}],"collection":[{"href":"https:\/\/radiostudiow.com.br\/site\/wp-json\/wp\/v2\/posts"}],"about":[{"href":"https:\/\/radiostudiow.com.br\/site\/wp-json\/wp\/v2\/types\/post"}],"author":[{"embeddable":true,"href":"https:\/\/radiostudiow.com.br\/site\/wp-json\/wp\/v2\/users\/2"}],"replies":[{"embeddable":true,"href":"https:\/\/radiostudiow.com.br\/site\/wp-json\/wp\/v2\/comments?post=23965"}],"version-history":[{"count":2,"href":"https:\/\/radiostudiow.com.br\/site\/wp-json\/wp\/v2\/posts\/23965\/revisions"}],"predecessor-version":[{"id":23974,"href":"https:\/\/radiostudiow.com.br\/site\/wp-json\/wp\/v2\/posts\/23965\/revisions\/23974"}],"wp:featuredmedia":[{"embeddable":true,"href":"https:\/\/radiostudiow.com.br\/site\/wp-json\/wp\/v2\/media\/22493"}],"wp:attachment":[{"href":"https:\/\/radiostudiow.com.br\/site\/wp-json\/wp\/v2\/media?parent=23965"}],"wp:term":[{"taxonomy":"category","embeddable":true,"href":"https:\/\/radiostudiow.com.br\/site\/wp-json\/wp\/v2\/categories?post=23965"},{"taxonomy":"post_tag","embeddable":true,"href":"https:\/\/radiostudiow.com.br\/site\/wp-json\/wp\/v2\/tags?post=23965"}],"curies":[{"name":"wp","href":"https:\/\/api.w.org\/{rel}","templated":true}]}}