{"id":23996,"date":"2024-06-28T11:21:28","date_gmt":"2024-06-28T14:21:28","guid":{"rendered":"https:\/\/radiostudiow.com.br\/site\/?p=23996"},"modified":"2025-01-31T14:59:12","modified_gmt":"2025-01-31T17:59:12","slug":"fernandes-pinheiro-registra-primeiro-caso-de-dengue-hemorragica","status":"publish","type":"post","link":"https:\/\/radiostudiow.com.br\/site\/2024\/06\/28\/fernandes-pinheiro-registra-primeiro-caso-de-dengue-hemorragica\/","title":{"rendered":"Fernandes Pinheiro registra primeiro caso de dengue hemorr\u00e1gica"},"content":{"rendered":"\n<p>A Secretaria Municipal de Sa\u00fade de Fernandes Pinheiro registrou na \u00faltima semana o primeiro caso de dengue hemorr\u00e1gica no munic\u00edpio.\u00a0Segundo a secret\u00e1ria de sa\u00fade, Emanuelle de Matos, o paciente, de 62 anos, chegou a ser internado na UTI do Hospital Universit\u00e1rio Regional de Ponta Grossa, mas j\u00e1 saiu e est\u00e1 se recuperando em um quarto.<\/p>\n\n\n\n<figure class=\"wp-block-image size-full\"><img loading=\"lazy\" decoding=\"async\" width=\"598\" height=\"204\" src=\"https:\/\/radiostudiow.com.br\/site\/wp-content\/uploads\/2024\/04\/image-39.png\" alt=\"\" class=\"wp-image-21311\" srcset=\"https:\/\/radiostudiow.com.br\/site\/wp-content\/uploads\/2024\/04\/image-39.png 598w, https:\/\/radiostudiow.com.br\/site\/wp-content\/uploads\/2024\/04\/image-39-300x102.png 300w\" sizes=\"auto, (max-width: 598px) 100vw, 598px\" \/><\/figure>\n\n\n\n<p>Desde o in\u00edcio do ano, Fernandes Pinheiro registrou 10 casos de dengue. At\u00e9 agora, em toda a \u00e1rea da 4\u00aa Regional, foram registrados 2308 casos, sendo 2101 aut\u00f3ctones (ou seja, o paciente foi infectado no pr\u00f3prio munic\u00edpio) e 161 importados.&nbsp;O munic\u00edpio tem um caso ativo importado da doen\u00e7a e dois em investiga\u00e7\u00e3o pelo Laborat\u00f3rio Central (Lacen).<\/p>\n\n\n\n<p>Emanuelle destacou que os agentes de endemias continuam fazendo visitas rotineiras \u00e0s resid\u00eancias, sempre acompanhados dos agentes comunit\u00e1rios de sa\u00fade (ACS).<\/p>\n\n\n\n<figure class=\"wp-block-image size-large is-resized\"><img decoding=\"async\" src=\"https:\/\/radiostudiow.com.br\/site\/wp-content\/uploads\/2024\/05\/LABIRATI-1024x1024.png\" alt=\"\" class=\"wp-image-22265\" style=\"width:439px;height:auto\"\/><\/figure>\n\n\n\n<p><strong>Quantidade de focos \u2013&nbsp;<\/strong>A quantidade de focos do mosquito da dengue no munic\u00edpio ainda est\u00e1 sendo levantada pelos agentes de endemias, em um trabalho que \u00e9 peri\u00f3dico e come\u00e7ou nesta semana.<\/p>\n\n\n\n<p>Entretanto, Emanuelle destacou que eles s\u00e3o encontrados sempre em pontos estrat\u00e9gicos, como cemit\u00e9rios e borracharias. Ela pede que a popula\u00e7\u00e3o sempre informe quando encontrar um poss\u00edvel foco do mosquito. \u201cPrecisamos que a popula\u00e7\u00e3o nos aponte quando encontrar alguma larva, para que possamos identificar e analisar se ela \u00e9 realmente do Aedes ou n\u00e3o\u201d, frisou.<\/p>\n","protected":false},"excerpt":{"rendered":"<p>A Secretaria Municipal de Sa\u00fade de Fernandes Pinheiro registrou na \u00faltima semana o primeiro caso de dengue hemorr\u00e1gica no munic\u00edpio.\u00a0Segundo a secret\u00e1ria de sa\u00fade, Emanuelle de Matos, o paciente, de 62 anos, chegou a ser internado na UTI do Hospital Universit\u00e1rio Regional de Ponta Grossa, mas j\u00e1 saiu e est\u00e1 se recuperando em um quarto. [&hellip;]<\/p>\n","protected":false},"author":2,"featured_media":24017,"comment_status":"open","ping_status":"open","sticky":false,"template":"","format":"standard","meta":{"footnotes":""},"categories":[185],"tags":[172],"class_list":["post-23996","post","type-post","status-publish","format-standard","has-post-thumbnail","hentry","category-regional","tag-featured"],"amp_enabled":true,"_links":{"self":[{"href":"https:\/\/radiostudiow.com.br\/site\/wp-json\/wp\/v2\/posts\/23996","targetHints":{"allow":["GET"]}}],"collection":[{"href":"https:\/\/radiostudiow.com.br\/site\/wp-json\/wp\/v2\/posts"}],"about":[{"href":"https:\/\/radiostudiow.com.br\/site\/wp-json\/wp\/v2\/types\/post"}],"author":[{"embeddable":true,"href":"https:\/\/radiostudiow.com.br\/site\/wp-json\/wp\/v2\/users\/2"}],"replies":[{"embeddable":true,"href":"https:\/\/radiostudiow.com.br\/site\/wp-json\/wp\/v2\/comments?post=23996"}],"version-history":[{"count":2,"href":"https:\/\/radiostudiow.com.br\/site\/wp-json\/wp\/v2\/posts\/23996\/revisions"}],"predecessor-version":[{"id":24018,"href":"https:\/\/radiostudiow.com.br\/site\/wp-json\/wp\/v2\/posts\/23996\/revisions\/24018"}],"wp:featuredmedia":[{"embeddable":true,"href":"https:\/\/radiostudiow.com.br\/site\/wp-json\/wp\/v2\/media\/24017"}],"wp:attachment":[{"href":"https:\/\/radiostudiow.com.br\/site\/wp-json\/wp\/v2\/media?parent=23996"}],"wp:term":[{"taxonomy":"category","embeddable":true,"href":"https:\/\/radiostudiow.com.br\/site\/wp-json\/wp\/v2\/categories?post=23996"},{"taxonomy":"post_tag","embeddable":true,"href":"https:\/\/radiostudiow.com.br\/site\/wp-json\/wp\/v2\/tags?post=23996"}],"curies":[{"name":"wp","href":"https:\/\/api.w.org\/{rel}","templated":true}]}}