{"id":24003,"date":"2024-06-28T11:49:40","date_gmt":"2024-06-28T14:49:40","guid":{"rendered":"https:\/\/radiostudiow.com.br\/site\/?p=24003"},"modified":"2025-01-31T14:59:12","modified_gmt":"2025-01-31T17:59:12","slug":"apos-encerramento-de-contrato-empresa-retira-radares-da-br-153-em-irati","status":"publish","type":"post","link":"https:\/\/radiostudiow.com.br\/site\/2024\/06\/28\/apos-encerramento-de-contrato-empresa-retira-radares-da-br-153-em-irati\/","title":{"rendered":"Ap\u00f3s encerramento de contrato, empresa retira radares da BR-153 em Irati"},"content":{"rendered":"\n<figure class=\"wp-block-image size-full\"><img loading=\"lazy\" decoding=\"async\" width=\"897\" height=\"204\" src=\"https:\/\/radiostudiow.com.br\/site\/wp-content\/uploads\/2024\/04\/image-38.png\" alt=\"\" class=\"wp-image-21308\" srcset=\"https:\/\/radiostudiow.com.br\/site\/wp-content\/uploads\/2024\/04\/image-38.png 897w, https:\/\/radiostudiow.com.br\/site\/wp-content\/uploads\/2024\/04\/image-38-300x68.png 300w, https:\/\/radiostudiow.com.br\/site\/wp-content\/uploads\/2024\/04\/image-38-768x175.png 768w\" sizes=\"auto, (max-width: 897px) 100vw, 897px\" \/><\/figure>\n\n\n\n<p>Quatro radares que estavam instalados no trecho urbano da rodovia foram retirados na semana passada. Em entrevista no programa Meio Dia em Not\u00edcias, o prefeito Jorge Derbli disse que foi informado pela assessoria do Departamento Nacional de Infraestrutura e Transportes (DNIT), que administra a rodovia, que o contrato com a empresa respons\u00e1vel pelos aparelhos foi encerrado, uma vez que era um servi\u00e7o terceirizado.<\/p>\n\n\n\n<p><em>Uma nova empresa foi contratada e, em breve, os radares devem ser reinstalados, de acordo com o prefeito Jorge Derbli.&nbsp;<strong>\u201cO novo contrato com a nova empresa j\u00e1 est\u00e1 feito e dentro de alguns dias v\u00e3o reinstalar os radares na entrada do loteamento Village Sollaris, tamb\u00e9m perto do Mercado Cupim, em Engenheiro Gutierrez e na chegada ao Riozinho\u201d.<\/strong><\/em><\/p>\n\n\n\n<figure class=\"wp-block-image size-full\"><img decoding=\"async\" src=\"https:\/\/radiostudiow.com.br\/site\/wp-content\/uploads\/2024\/04\/SITE-MEDIO.png\" alt=\"\" class=\"wp-image-21854\"\/><\/figure>\n\n\n\n<p><strong>Outras melhorias<\/strong><\/p>\n\n\n\n<p>Ainda sobre a BR 153, no \u00faltimo dia 04 de junho, uma comitiva formada por Derbli, que \u00e9 presidente da Amcespar, e pelos prefeitos Moacir Szinvelski (Mallet), Luiz Everaldo Zak (Rebou\u00e7as), Celso Kubaski (Imbituva)  e por alguns vereadores de Rebou\u00e7as e Irati, esteve em Curitiba para conversar com o superintendente do DNIT no Paran\u00e1, H\u00e9lio Gomes da Silva J\u00fanior, sobre a situa\u00e7\u00e3o da rodovia.<\/p>\n\n\n\n<p>Naquela oportunidade, Derbli afirmou que uma nova empresa deve iniciar uma opera\u00e7\u00e3o de tapa buracos. O prazo dado para o in\u00edcio das obras foi entre 10 e 15 dias. No entanto, o prefeito afirmou que o prazo j\u00e1 se encerrou.<\/p>\n\n\n\n<p>Derbli afirmou que ir\u00e1 cobrar novamente do superintendente do DNIT o rein\u00edcio das obras.\u00a0<em><strong>\u201cFalei para ele que estive com os prefeitos e vereadores l\u00e1 para esprem\u00ea-lo e n\u00e3o cumpriment\u00e1-lo, pois ele tem que resolver este assunto. Deus me livre dos buracos da BR 153 do jeito que est\u00e3o. \u00c9 complicado porque n\u00e3o \u00e9 s\u00f3 o problema material, mas pode acontecer um acidente, uma morte, um atropelamento, al\u00e9m de uma roda e de um pneu, que custam caro. N\u00f3s cobramos dele e est\u00e1 na hora de darmos uma apertada. Eu quero ver se ligo para verificar, pois o nosso compromisso foi firmado em Curitiba\u201d, frisou.<\/strong><\/em><\/p>\n\n\n\n<figure class=\"wp-block-image size-full\"><img decoding=\"async\" src=\"https:\/\/radiostudiow.com.br\/site\/wp-content\/uploads\/2024\/04\/image-45.png\" alt=\"\" class=\"wp-image-21394\"\/><\/figure>\n\n\n\n<p>O prefeito contou que o trabalho de recupera\u00e7\u00e3o da rodovia vinha sendo feito de forma muito prec\u00e1ria. <em><strong>\u201cO que \u00e9 isto? Voc\u00ea coloca um funcion\u00e1rio em cima do caminh\u00e3o que, com uma p\u00e1, joga (o material) de cima do caminh\u00e3o no buraco sem limpar, sem tirar a \u00e1gua e sem tirar o material. S\u00f3 tampa ali, mas na primeira chuva, o material vai embora. Da\u00ed, eles come\u00e7aram a fazer alguns servi\u00e7os, mas muito mal-feitos. Eu conhe\u00e7o um pouco de pavimenta\u00e7\u00e3o, mas \u00e9 um servi\u00e7o que a popula\u00e7\u00e3o viu o que foi feito. S\u00f3 ali no Riozinho, pr\u00f3ximo ao radar, foi arrumado duas vezes\u201d, finalizou.<\/strong><\/em><\/p>\n","protected":false},"excerpt":{"rendered":"<p>Quatro radares que estavam instalados no trecho urbano da rodovia foram retirados na semana passada. Em entrevista no programa Meio Dia em Not\u00edcias, o prefeito Jorge Derbli disse que foi informado pela assessoria do Departamento Nacional de Infraestrutura e Transportes (DNIT), que administra a rodovia, que o contrato com a empresa respons\u00e1vel pelos aparelhos foi [&hellip;]<\/p>\n","protected":false},"author":2,"featured_media":24019,"comment_status":"open","ping_status":"open","sticky":false,"template":"","format":"standard","meta":{"footnotes":""},"categories":[185],"tags":[172],"class_list":["post-24003","post","type-post","status-publish","format-standard","has-post-thumbnail","hentry","category-regional","tag-featured"],"amp_enabled":true,"_links":{"self":[{"href":"https:\/\/radiostudiow.com.br\/site\/wp-json\/wp\/v2\/posts\/24003","targetHints":{"allow":["GET"]}}],"collection":[{"href":"https:\/\/radiostudiow.com.br\/site\/wp-json\/wp\/v2\/posts"}],"about":[{"href":"https:\/\/radiostudiow.com.br\/site\/wp-json\/wp\/v2\/types\/post"}],"author":[{"embeddable":true,"href":"https:\/\/radiostudiow.com.br\/site\/wp-json\/wp\/v2\/users\/2"}],"replies":[{"embeddable":true,"href":"https:\/\/radiostudiow.com.br\/site\/wp-json\/wp\/v2\/comments?post=24003"}],"version-history":[{"count":2,"href":"https:\/\/radiostudiow.com.br\/site\/wp-json\/wp\/v2\/posts\/24003\/revisions"}],"predecessor-version":[{"id":24020,"href":"https:\/\/radiostudiow.com.br\/site\/wp-json\/wp\/v2\/posts\/24003\/revisions\/24020"}],"wp:featuredmedia":[{"embeddable":true,"href":"https:\/\/radiostudiow.com.br\/site\/wp-json\/wp\/v2\/media\/24019"}],"wp:attachment":[{"href":"https:\/\/radiostudiow.com.br\/site\/wp-json\/wp\/v2\/media?parent=24003"}],"wp:term":[{"taxonomy":"category","embeddable":true,"href":"https:\/\/radiostudiow.com.br\/site\/wp-json\/wp\/v2\/categories?post=24003"},{"taxonomy":"post_tag","embeddable":true,"href":"https:\/\/radiostudiow.com.br\/site\/wp-json\/wp\/v2\/tags?post=24003"}],"curies":[{"name":"wp","href":"https:\/\/api.w.org\/{rel}","templated":true}]}}