{"id":24022,"date":"2024-06-28T11:56:03","date_gmt":"2024-06-28T14:56:03","guid":{"rendered":"https:\/\/radiostudiow.com.br\/site\/?p=24022"},"modified":"2025-01-31T14:59:12","modified_gmt":"2025-01-31T17:59:12","slug":"pm-em-uniao-da-vitoria-registra-tentativa-de-violacao-a-domicilio","status":"publish","type":"post","link":"https:\/\/radiostudiow.com.br\/site\/2024\/06\/28\/pm-em-uniao-da-vitoria-registra-tentativa-de-violacao-a-domicilio\/","title":{"rendered":"PM em Uni\u00e3o da Vit\u00f3ria registra tentativa de viola\u00e7\u00e3o \u00e0 domic\u00edlio"},"content":{"rendered":"\n<figure class=\"wp-block-image size-full\"><img loading=\"lazy\" decoding=\"async\" width=\"300\" height=\"180\" src=\"https:\/\/radiostudiow.com.br\/site\/wp-content\/uploads\/2024\/04\/SITE-PEQUENO-1.png\" alt=\"\" class=\"wp-image-21868\"\/><\/figure>\n\n\n\n<p>A equipe da Pol\u00edcia Militar de Uni\u00e3o da Vit\u00f3ria esteve mobilizada atendendo a uma ocorr\u00eancia de tentativa de viola\u00e7\u00e3o \u00e0 domic\u00edlio registrada por volta das 02:10 horas desta quinta-feira (27).<\/p>\n\n\n\n<p>Segundo informa\u00e7\u00f5es, a situa\u00e7\u00e3o ocorreu no bairro S\u00e3o Bas\u00edlio Magno, onde a solicitante relatou que um homem tentou adentrar a casa de sua irm\u00e3, por\u00e9m, n\u00e3o havia conseguido.<\/p>\n\n\n\n<figure class=\"wp-block-image size-full\"><img loading=\"lazy\" decoding=\"async\" width=\"598\" height=\"204\" src=\"https:\/\/radiostudiow.com.br\/site\/wp-content\/uploads\/2024\/04\/image-23.png\" alt=\"\" class=\"wp-image-21221\" srcset=\"https:\/\/radiostudiow.com.br\/site\/wp-content\/uploads\/2024\/04\/image-23.png 598w, https:\/\/radiostudiow.com.br\/site\/wp-content\/uploads\/2024\/04\/image-23-300x102.png 300w\" sizes=\"auto, (max-width: 598px) 100vw, 598px\" \/><\/figure>\n\n\n\n<p>No local, a Pol\u00edcia conversou com a v\u00edtima a qual relatou que o suposto invasor se tratava de seu outro irm\u00e3o que estava tentando acesso sem o consentimento dela. O caso foi registrado e foram realizadas buscas pelo suspeito que n\u00e3o foi encontrado.<\/p>\n","protected":false},"excerpt":{"rendered":"<p>A equipe da Pol\u00edcia Militar de Uni\u00e3o da Vit\u00f3ria esteve mobilizada atendendo a uma ocorr\u00eancia de tentativa de viola\u00e7\u00e3o \u00e0 domic\u00edlio registrada por volta das 02:10 horas desta quinta-feira (27). Segundo informa\u00e7\u00f5es, a situa\u00e7\u00e3o ocorreu no bairro S\u00e3o Bas\u00edlio Magno, onde a solicitante relatou que um homem tentou adentrar a casa de sua irm\u00e3, por\u00e9m, [&hellip;]<\/p>\n","protected":false},"author":2,"featured_media":18052,"comment_status":"open","ping_status":"open","sticky":false,"template":"","format":"standard","meta":{"footnotes":""},"categories":[2],"tags":[172],"class_list":["post-24022","post","type-post","status-publish","format-standard","has-post-thumbnail","hentry","category-policial","tag-featured"],"amp_enabled":true,"_links":{"self":[{"href":"https:\/\/radiostudiow.com.br\/site\/wp-json\/wp\/v2\/posts\/24022","targetHints":{"allow":["GET"]}}],"collection":[{"href":"https:\/\/radiostudiow.com.br\/site\/wp-json\/wp\/v2\/posts"}],"about":[{"href":"https:\/\/radiostudiow.com.br\/site\/wp-json\/wp\/v2\/types\/post"}],"author":[{"embeddable":true,"href":"https:\/\/radiostudiow.com.br\/site\/wp-json\/wp\/v2\/users\/2"}],"replies":[{"embeddable":true,"href":"https:\/\/radiostudiow.com.br\/site\/wp-json\/wp\/v2\/comments?post=24022"}],"version-history":[{"count":1,"href":"https:\/\/radiostudiow.com.br\/site\/wp-json\/wp\/v2\/posts\/24022\/revisions"}],"predecessor-version":[{"id":24024,"href":"https:\/\/radiostudiow.com.br\/site\/wp-json\/wp\/v2\/posts\/24022\/revisions\/24024"}],"wp:featuredmedia":[{"embeddable":true,"href":"https:\/\/radiostudiow.com.br\/site\/wp-json\/wp\/v2\/media\/18052"}],"wp:attachment":[{"href":"https:\/\/radiostudiow.com.br\/site\/wp-json\/wp\/v2\/media?parent=24022"}],"wp:term":[{"taxonomy":"category","embeddable":true,"href":"https:\/\/radiostudiow.com.br\/site\/wp-json\/wp\/v2\/categories?post=24022"},{"taxonomy":"post_tag","embeddable":true,"href":"https:\/\/radiostudiow.com.br\/site\/wp-json\/wp\/v2\/tags?post=24022"}],"curies":[{"name":"wp","href":"https:\/\/api.w.org\/{rel}","templated":true}]}}