{"id":24026,"date":"2024-06-28T21:12:08","date_gmt":"2024-06-29T00:12:08","guid":{"rendered":"https:\/\/radiostudiow.com.br\/site\/?p=24026"},"modified":"2025-01-31T14:59:12","modified_gmt":"2025-01-31T17:59:12","slug":"junho-branco-policia-civil-promove-conscientizacao-sobre-maleficios-das-droga","status":"publish","type":"post","link":"https:\/\/radiostudiow.com.br\/site\/2024\/06\/28\/junho-branco-policia-civil-promove-conscientizacao-sobre-maleficios-das-droga\/","title":{"rendered":"Junho branco! Pol\u00edcia Civil promove conscientiza\u00e7\u00e3o sobre malef\u00edcios das droga"},"content":{"rendered":"\n<p>Junho \u00e9 um m\u00eas significativo para a conscientiza\u00e7\u00e3o e preven\u00e7\u00e3o do uso de drogas, marcado por iniciativas globais e locais que visam educar, informar e proteger indiv\u00edduos contra os impactos negativos das subst\u00e2ncias psicoativas. Esta campanha anual destaca a import\u00e2ncia de uma abordagem proativa na luta contra o abuso de drogas e na promo\u00e7\u00e3o de estilos de vida saud\u00e1veis.<\/p>\n\n\n\n<figure class=\"wp-block-image size-full\"><img loading=\"lazy\" decoding=\"async\" width=\"598\" height=\"204\" src=\"https:\/\/radiostudiow.com.br\/site\/wp-content\/uploads\/2024\/04\/image-29.png\" alt=\"\" class=\"wp-image-21283\" srcset=\"https:\/\/radiostudiow.com.br\/site\/wp-content\/uploads\/2024\/04\/image-29.png 598w, https:\/\/radiostudiow.com.br\/site\/wp-content\/uploads\/2024\/04\/image-29-300x102.png 300w\" sizes=\"auto, (max-width: 598px) 100vw, 598px\" \/><\/figure>\n\n\n\n<p>O Dia Internacional de Combate \u00e0s Drogas, celebrado mundialmente em 26 de junho, foi institu\u00eddo pela ONU (Organiza\u00e7\u00e3o das Na\u00e7\u00f5es Unidas) como parte de uma campanha internacional contra o uso de drogas. O objetivo do Junho Branco \u00e9 ajudar na preven\u00e7\u00e3o e na conscientiza\u00e7\u00e3o sobre o uso de drogas il\u00edcitas, fomentando e viabilizando di\u00e1logos na sociedade.<\/p>\n\n\n\n<p><strong>A PCPR de Mallet conta com a sua colabora\u00e7\u00e3o e refor\u00e7a ainda que den\u00fancias contra o tr\u00e1fico de drogas podem ser realizadas por meio do Disque Den\u00fancia 181, pelo WhatsApp no n\u00famero: (42) 3542-1249 ou pessoalmente na delegacia.<\/strong><\/p>\n\n\n\n<figure class=\"wp-block-gallery has-nested-images columns-default is-cropped wp-block-gallery-1 is-layout-flex wp-block-gallery-is-layout-flex\">\n<figure class=\"wp-block-image size-large\"><img loading=\"lazy\" decoding=\"async\" width=\"720\" height=\"846\" data-id=\"24045\" src=\"https:\/\/radiostudiow.com.br\/site\/wp-content\/uploads\/2024\/06\/06-2.jpeg\" alt=\"\" class=\"wp-image-24045\" srcset=\"https:\/\/radiostudiow.com.br\/site\/wp-content\/uploads\/2024\/06\/06-2.jpeg 720w, https:\/\/radiostudiow.com.br\/site\/wp-content\/uploads\/2024\/06\/06-2-255x300.jpeg 255w\" sizes=\"auto, (max-width: 720px) 100vw, 720px\" \/><\/figure>\n\n\n\n<figure class=\"wp-block-image size-large\"><img loading=\"lazy\" decoding=\"async\" width=\"720\" height=\"841\" data-id=\"24046\" src=\"https:\/\/radiostudiow.com.br\/site\/wp-content\/uploads\/2024\/06\/08-1.jpeg\" alt=\"\" class=\"wp-image-24046\" srcset=\"https:\/\/radiostudiow.com.br\/site\/wp-content\/uploads\/2024\/06\/08-1.jpeg 720w, https:\/\/radiostudiow.com.br\/site\/wp-content\/uploads\/2024\/06\/08-1-257x300.jpeg 257w\" sizes=\"auto, (max-width: 720px) 100vw, 720px\" \/><\/figure>\n<\/figure>\n\n\n\n<p>Em Uni\u00e3o da Vit\u00f3ria, a Pol\u00edcia Civil promoveu uma atividade no centro da cidade com o objetivo de conscientizar a comunidade sobre os malef\u00edcios das drogas, em alus\u00e3o ao Dia Internacional de Combate \u00e0s Drogas.&nbsp;Durante o evento, uma grande quantidade de entorpecentes foi incinerada.<\/p>\n\n\n\n<p>O delegado Douglas Possebon e Freitas destacou que a unidade de Uni\u00e3o da Vit\u00f3ria participou da a\u00e7\u00e3o como forma de conscientizar a popula\u00e7\u00e3o.&nbsp;Ele ressaltou que a regi\u00e3o \u00e9 um corredor para a passagem de material entorpecente. Na ocasi\u00e3o, 500 kg de maconha foram expostos, representando apenas duas apreens\u00f5es e demonstrando uma fra\u00e7\u00e3o da quantidade total apreendida.<\/p>\n\n\n\n<p>No Brasil a pena por tr\u00e1fico de drogas varia de cinco a 15 anos de pris\u00e3o.<\/p>\n\n\n\n<figure class=\"wp-block-image size-full\"><img loading=\"lazy\" decoding=\"async\" width=\"720\" height=\"847\" src=\"https:\/\/radiostudiow.com.br\/site\/wp-content\/uploads\/2024\/06\/07-3.jpeg\" alt=\"\" class=\"wp-image-24044\" srcset=\"https:\/\/radiostudiow.com.br\/site\/wp-content\/uploads\/2024\/06\/07-3.jpeg 720w, https:\/\/radiostudiow.com.br\/site\/wp-content\/uploads\/2024\/06\/07-3-255x300.jpeg 255w\" sizes=\"auto, (max-width: 720px) 100vw, 720px\" \/><\/figure>\n","protected":false},"excerpt":{"rendered":"<p>Junho \u00e9 um m\u00eas significativo para a conscientiza\u00e7\u00e3o e preven\u00e7\u00e3o do uso de drogas, marcado por iniciativas globais e locais que visam educar, informar e proteger indiv\u00edduos contra os impactos negativos das subst\u00e2ncias psicoativas. Esta campanha anual destaca a import\u00e2ncia de uma abordagem proativa na luta contra o abuso de drogas e na promo\u00e7\u00e3o de [&hellip;]<\/p>\n","protected":false},"author":2,"featured_media":24047,"comment_status":"open","ping_status":"open","sticky":false,"template":"","format":"standard","meta":{"footnotes":""},"categories":[7],"tags":[172],"class_list":["post-24026","post","type-post","status-publish","format-standard","has-post-thumbnail","hentry","category-geral","tag-featured"],"amp_enabled":true,"_links":{"self":[{"href":"https:\/\/radiostudiow.com.br\/site\/wp-json\/wp\/v2\/posts\/24026","targetHints":{"allow":["GET"]}}],"collection":[{"href":"https:\/\/radiostudiow.com.br\/site\/wp-json\/wp\/v2\/posts"}],"about":[{"href":"https:\/\/radiostudiow.com.br\/site\/wp-json\/wp\/v2\/types\/post"}],"author":[{"embeddable":true,"href":"https:\/\/radiostudiow.com.br\/site\/wp-json\/wp\/v2\/users\/2"}],"replies":[{"embeddable":true,"href":"https:\/\/radiostudiow.com.br\/site\/wp-json\/wp\/v2\/comments?post=24026"}],"version-history":[{"count":3,"href":"https:\/\/radiostudiow.com.br\/site\/wp-json\/wp\/v2\/posts\/24026\/revisions"}],"predecessor-version":[{"id":24048,"href":"https:\/\/radiostudiow.com.br\/site\/wp-json\/wp\/v2\/posts\/24026\/revisions\/24048"}],"wp:featuredmedia":[{"embeddable":true,"href":"https:\/\/radiostudiow.com.br\/site\/wp-json\/wp\/v2\/media\/24047"}],"wp:attachment":[{"href":"https:\/\/radiostudiow.com.br\/site\/wp-json\/wp\/v2\/media?parent=24026"}],"wp:term":[{"taxonomy":"category","embeddable":true,"href":"https:\/\/radiostudiow.com.br\/site\/wp-json\/wp\/v2\/categories?post=24026"},{"taxonomy":"post_tag","embeddable":true,"href":"https:\/\/radiostudiow.com.br\/site\/wp-json\/wp\/v2\/tags?post=24026"}],"curies":[{"name":"wp","href":"https:\/\/api.w.org\/{rel}","templated":true}]}}