{"id":24029,"date":"2024-06-28T21:13:07","date_gmt":"2024-06-29T00:13:07","guid":{"rendered":"https:\/\/radiostudiow.com.br\/site\/?p=24029"},"modified":"2025-01-31T14:59:12","modified_gmt":"2025-01-31T17:59:12","slug":"operacao-da-rotam-resulta-na-prisao-de-homem-com-pes-de-maconha-em-uniao-da-vitoria","status":"publish","type":"post","link":"https:\/\/radiostudiow.com.br\/site\/2024\/06\/28\/operacao-da-rotam-resulta-na-prisao-de-homem-com-pes-de-maconha-em-uniao-da-vitoria\/","title":{"rendered":"Opera\u00e7\u00e3o da Rotam resulta na pris\u00e3o de homem com p\u00e9s de maconha em Uni\u00e3o da Vit\u00f3ria"},"content":{"rendered":"\n<p>A equipe da Rotam de Uni\u00e3o da Vit\u00f3ria recebeu uma den\u00fancia an\u00f4nima indicando que um homem estaria produzindo e traficando maconha em sua resid\u00eancia localizada na PR-446 pr\u00f3ximo a Porto Vit\u00f3ria \u00e0s 13:47 horas desta quinta-feira (27).<\/p>\n\n\n\n<figure class=\"wp-block-image size-large\"><img decoding=\"async\" src=\"https:\/\/radiostudiow.com.br\/site\/wp-content\/uploads\/2024\/05\/86140-nacional-tv-coops-comunicacao-interna-pos-campanha-de-educacao-financeira-2024-1-1024x576.png\" alt=\"\" class=\"wp-image-23087\"\/><\/figure>\n\n\n\n<p>Ap\u00f3s dilig\u00eancias no local,&nbsp; os policiais encontraram, dentro de um barraco nos fundos da propriedade, uma estufa contendo diversas plantas semelhantes \u00e0 maconha, al\u00e9m de uma balan\u00e7a de precis\u00e3o.<\/p>\n\n\n\n<p>Diante das evid\u00eancias, foi dada voz de pris\u00e3o ao morador do im\u00f3vel pelo crime de tr\u00e1fico de drogas. O suspeito foi conduzido, juntamente com o material apreendido, at\u00e9 a 4\u00aa Subdivis\u00e3o Policial (SDP) onde ficar\u00e1 \u00e0 disposi\u00e7\u00e3o da autoridade policial para os procedimentos legais cab\u00edveis.<\/p>\n","protected":false},"excerpt":{"rendered":"<p>A equipe da Rotam de Uni\u00e3o da Vit\u00f3ria recebeu uma den\u00fancia an\u00f4nima indicando que um homem estaria produzindo e traficando maconha em sua resid\u00eancia localizada na PR-446 pr\u00f3ximo a Porto Vit\u00f3ria \u00e0s 13:47 horas desta quinta-feira (27). Ap\u00f3s dilig\u00eancias no local,&nbsp; os policiais encontraram, dentro de um barraco nos fundos da propriedade, uma estufa contendo [&hellip;]<\/p>\n","protected":false},"author":2,"featured_media":24049,"comment_status":"open","ping_status":"open","sticky":false,"template":"","format":"standard","meta":{"footnotes":""},"categories":[2],"tags":[172],"class_list":["post-24029","post","type-post","status-publish","format-standard","has-post-thumbnail","hentry","category-policial","tag-featured"],"amp_enabled":true,"_links":{"self":[{"href":"https:\/\/radiostudiow.com.br\/site\/wp-json\/wp\/v2\/posts\/24029","targetHints":{"allow":["GET"]}}],"collection":[{"href":"https:\/\/radiostudiow.com.br\/site\/wp-json\/wp\/v2\/posts"}],"about":[{"href":"https:\/\/radiostudiow.com.br\/site\/wp-json\/wp\/v2\/types\/post"}],"author":[{"embeddable":true,"href":"https:\/\/radiostudiow.com.br\/site\/wp-json\/wp\/v2\/users\/2"}],"replies":[{"embeddable":true,"href":"https:\/\/radiostudiow.com.br\/site\/wp-json\/wp\/v2\/comments?post=24029"}],"version-history":[{"count":2,"href":"https:\/\/radiostudiow.com.br\/site\/wp-json\/wp\/v2\/posts\/24029\/revisions"}],"predecessor-version":[{"id":24050,"href":"https:\/\/radiostudiow.com.br\/site\/wp-json\/wp\/v2\/posts\/24029\/revisions\/24050"}],"wp:featuredmedia":[{"embeddable":true,"href":"https:\/\/radiostudiow.com.br\/site\/wp-json\/wp\/v2\/media\/24049"}],"wp:attachment":[{"href":"https:\/\/radiostudiow.com.br\/site\/wp-json\/wp\/v2\/media?parent=24029"}],"wp:term":[{"taxonomy":"category","embeddable":true,"href":"https:\/\/radiostudiow.com.br\/site\/wp-json\/wp\/v2\/categories?post=24029"},{"taxonomy":"post_tag","embeddable":true,"href":"https:\/\/radiostudiow.com.br\/site\/wp-json\/wp\/v2\/tags?post=24029"}],"curies":[{"name":"wp","href":"https:\/\/api.w.org\/{rel}","templated":true}]}}