{"id":24032,"date":"2024-06-28T21:14:21","date_gmt":"2024-06-29T00:14:21","guid":{"rendered":"https:\/\/radiostudiow.com.br\/site\/?p=24032"},"modified":"2025-01-31T14:59:12","modified_gmt":"2025-01-31T17:59:12","slug":"com-ajuda-da-populacao-e-rapida-acao-policial-objetos-furtados-sao-recuperados-em-general-carneiro","status":"publish","type":"post","link":"https:\/\/radiostudiow.com.br\/site\/2024\/06\/28\/com-ajuda-da-populacao-e-rapida-acao-policial-objetos-furtados-sao-recuperados-em-general-carneiro\/","title":{"rendered":"Com ajuda da popula\u00e7\u00e3o e r\u00e1pida a\u00e7\u00e3o pol\u00edcial, objetos furtados s\u00e3o recuperados em General Carneiro"},"content":{"rendered":"\n<p>A equipe da Pol\u00edcia Militar de General Carneiro foi acionada via 190 para atender a uma ocorr\u00eancia de furto em uma resid\u00eancia no bairro S\u00e3o Jo\u00e3o, onde um indiv\u00edduo teria entrado e levado uma televis\u00e3o e um botij\u00e3o de g\u00e1s nessa quinta-feira (27).<\/p>\n\n\n\n<figure class=\"wp-block-image size-full\"><img loading=\"lazy\" decoding=\"async\" width=\"300\" height=\"180\" src=\"https:\/\/radiostudiow.com.br\/site\/wp-content\/uploads\/2024\/04\/SITE-PEQUENO-1.png\" alt=\"\" class=\"wp-image-21868\"\/><\/figure>\n\n\n\n<p>Ao chegar ao endere\u00e7o do crime, os policiais conversaram com a v\u00edtima, que relatou ter encontrado a porta aberta ao retornar para casa por volta das 17 horas, algo incomum j\u00e1 que sempre a trancava ao sair.&nbsp;Al\u00e9m disso, notou que a janela do quarto estava violada e que os itens furtados eram uma televis\u00e3o Philco de 32 polegadas e um botij\u00e3o de g\u00e1s vazio, de cor dourada.<\/p>\n\n\n\n<p>Testemunhas pr\u00f3ximas \u00e0 resid\u00eancia informaram que viram um indiv\u00edduo de camiseta rosa e cal\u00e7a preta cometer o crime, diante das informa\u00e7\u00f5es, a equipe policial iniciou buscas e encontrou, logo atr\u00e1s de uma resid\u00eancia abandonada pr\u00f3xima ao muro da casa vizinha, uma televis\u00e3o e um botij\u00e3o de g\u00e1s escondidos sob uma lona preta.<\/p>\n\n\n\n<figure class=\"wp-block-image size-full\"><img loading=\"lazy\" decoding=\"async\" width=\"590\" height=\"204\" src=\"https:\/\/radiostudiow.com.br\/site\/wp-content\/uploads\/2024\/04\/image-27.png\" alt=\"\" class=\"wp-image-21280\" srcset=\"https:\/\/radiostudiow.com.br\/site\/wp-content\/uploads\/2024\/04\/image-27.png 590w, https:\/\/radiostudiow.com.br\/site\/wp-content\/uploads\/2024\/04\/image-27-300x104.png 300w\" sizes=\"auto, (max-width: 590px) 100vw, 590px\" \/><\/figure>\n\n\n\n<p>Os objetos foram recuperados e a equipe conduziu a v\u00edtima at\u00e9 a 4\u00aa Subdivis\u00e3o Policial (SDP) de Uni\u00e3o da Vit\u00f3ria, juntamente com os objetos recuperados, para apresenta\u00e7\u00e3o ao delegado de pol\u00edcia respons\u00e1vel pela aprecia\u00e7\u00e3o do caso.<\/p>\n","protected":false},"excerpt":{"rendered":"<p>A equipe da Pol\u00edcia Militar de General Carneiro foi acionada via 190 para atender a uma ocorr\u00eancia de furto em uma resid\u00eancia no bairro S\u00e3o Jo\u00e3o, onde um indiv\u00edduo teria entrado e levado uma televis\u00e3o e um botij\u00e3o de g\u00e1s nessa quinta-feira (27). Ao chegar ao endere\u00e7o do crime, os policiais conversaram com a v\u00edtima, [&hellip;]<\/p>\n","protected":false},"author":2,"featured_media":24051,"comment_status":"open","ping_status":"open","sticky":false,"template":"","format":"standard","meta":{"footnotes":""},"categories":[2],"tags":[172],"class_list":["post-24032","post","type-post","status-publish","format-standard","has-post-thumbnail","hentry","category-policial","tag-featured"],"amp_enabled":true,"_links":{"self":[{"href":"https:\/\/radiostudiow.com.br\/site\/wp-json\/wp\/v2\/posts\/24032","targetHints":{"allow":["GET"]}}],"collection":[{"href":"https:\/\/radiostudiow.com.br\/site\/wp-json\/wp\/v2\/posts"}],"about":[{"href":"https:\/\/radiostudiow.com.br\/site\/wp-json\/wp\/v2\/types\/post"}],"author":[{"embeddable":true,"href":"https:\/\/radiostudiow.com.br\/site\/wp-json\/wp\/v2\/users\/2"}],"replies":[{"embeddable":true,"href":"https:\/\/radiostudiow.com.br\/site\/wp-json\/wp\/v2\/comments?post=24032"}],"version-history":[{"count":2,"href":"https:\/\/radiostudiow.com.br\/site\/wp-json\/wp\/v2\/posts\/24032\/revisions"}],"predecessor-version":[{"id":24052,"href":"https:\/\/radiostudiow.com.br\/site\/wp-json\/wp\/v2\/posts\/24032\/revisions\/24052"}],"wp:featuredmedia":[{"embeddable":true,"href":"https:\/\/radiostudiow.com.br\/site\/wp-json\/wp\/v2\/media\/24051"}],"wp:attachment":[{"href":"https:\/\/radiostudiow.com.br\/site\/wp-json\/wp\/v2\/media?parent=24032"}],"wp:term":[{"taxonomy":"category","embeddable":true,"href":"https:\/\/radiostudiow.com.br\/site\/wp-json\/wp\/v2\/categories?post=24032"},{"taxonomy":"post_tag","embeddable":true,"href":"https:\/\/radiostudiow.com.br\/site\/wp-json\/wp\/v2\/tags?post=24032"}],"curies":[{"name":"wp","href":"https:\/\/api.w.org\/{rel}","templated":true}]}}