{"id":24041,"date":"2024-06-28T21:10:41","date_gmt":"2024-06-29T00:10:41","guid":{"rendered":"https:\/\/radiostudiow.com.br\/site\/?p=24041"},"modified":"2025-01-31T14:59:12","modified_gmt":"2025-01-31T17:59:12","slug":"vendedores-ambulantes-distraem-e-furtam-morador-no-centro-de-mallet","status":"publish","type":"post","link":"https:\/\/radiostudiow.com.br\/site\/2024\/06\/28\/vendedores-ambulantes-distraem-e-furtam-morador-no-centro-de-mallet\/","title":{"rendered":"Vendedores Ambulantes Distraem e Furtam Morador no Centro de Mallet"},"content":{"rendered":"\n<figure class=\"wp-block-image size-full\"><img loading=\"lazy\" decoding=\"async\" width=\"897\" height=\"204\" src=\"https:\/\/radiostudiow.com.br\/site\/wp-content\/uploads\/2024\/04\/image-51.png\" alt=\"\" class=\"wp-image-21370\" srcset=\"https:\/\/radiostudiow.com.br\/site\/wp-content\/uploads\/2024\/04\/image-51.png 897w, https:\/\/radiostudiow.com.br\/site\/wp-content\/uploads\/2024\/04\/image-51-300x68.png 300w, https:\/\/radiostudiow.com.br\/site\/wp-content\/uploads\/2024\/04\/image-51-768x175.png 768w\" sizes=\"auto, (max-width: 897px) 100vw, 897px\" \/><\/figure>\n\n\n\n<p>O furto ocorreu na \u00faltima quinta-feira (27), segundo o boletim de ocorr\u00eancia, a v\u00edtima relatou \u00e0 pol\u00edcia que vendedores ambulantes chegaram em sua resid\u00eancia localizada na regi\u00e3o central de Mallet para vender objetos e, durante o momento da negocia\u00e7\u00e3o, um deles o distraiu enquanto outro furtava seus pertences.<\/p>\n\n\n\n<p>De acordo com o relato, ao pegar uma sacola com dinheiro para efetuar o pagamento dos objetos oferecidos pelos ambulantes, um dos indiv\u00edduos iniciou uma conversa para distrair o morador. Aproveitando o momento de distra\u00e7\u00e3o, o segundo indiv\u00edduo subtraiu a sacola contendo uma quantia em dinheiro e um rel\u00f3gio de pulso. Ao perceber o furto, a v\u00edtima notou que os suspeitos sa\u00edram correndo do local com a sacola.<\/p>\n\n\n\n<figure class=\"wp-block-image size-large\"><img loading=\"lazy\" decoding=\"async\" width=\"1024\" height=\"390\" src=\"https:\/\/radiostudiow.com.br\/site\/wp-content\/uploads\/2024\/06\/449383450_900410565459867_7398886830294326458_n-1024x390.png\" alt=\"\" class=\"wp-image-24042\" srcset=\"https:\/\/radiostudiow.com.br\/site\/wp-content\/uploads\/2024\/06\/449383450_900410565459867_7398886830294326458_n-1024x390.png 1024w, https:\/\/radiostudiow.com.br\/site\/wp-content\/uploads\/2024\/06\/449383450_900410565459867_7398886830294326458_n-300x114.png 300w, https:\/\/radiostudiow.com.br\/site\/wp-content\/uploads\/2024\/06\/449383450_900410565459867_7398886830294326458_n-768x292.png 768w, https:\/\/radiostudiow.com.br\/site\/wp-content\/uploads\/2024\/06\/449383450_900410565459867_7398886830294326458_n-1536x584.png 1536w, https:\/\/radiostudiow.com.br\/site\/wp-content\/uploads\/2024\/06\/449383450_900410565459867_7398886830294326458_n-2048x779.png 2048w\" sizes=\"auto, (max-width: 1024px) 100vw, 1024px\" \/><\/figure>\n\n\n\n<p>A equipe policial foi acionada e esteve no local para registrar o ocorrido. At\u00e9 o momento, n\u00e3o h\u00e1 informa\u00e7\u00f5es sobre o paradeiro dos suspeitos. A pol\u00edcia continua as investiga\u00e7\u00f5es e pede para que qualquer informa\u00e7\u00e3o relevante seja repassada \u00e0 delegacia de Mallet.<\/p>\n","protected":false},"excerpt":{"rendered":"<p>O furto ocorreu na \u00faltima quinta-feira (27), segundo o boletim de ocorr\u00eancia, a v\u00edtima relatou \u00e0 pol\u00edcia que vendedores ambulantes chegaram em sua resid\u00eancia localizada na regi\u00e3o central de Mallet para vender objetos e, durante o momento da negocia\u00e7\u00e3o, um deles o distraiu enquanto outro furtava seus pertences. De acordo com o relato, ao pegar [&hellip;]<\/p>\n","protected":false},"author":2,"featured_media":18865,"comment_status":"open","ping_status":"open","sticky":false,"template":"","format":"standard","meta":{"footnotes":""},"categories":[2],"tags":[172],"class_list":["post-24041","post","type-post","status-publish","format-standard","has-post-thumbnail","hentry","category-policial","tag-featured"],"amp_enabled":true,"_links":{"self":[{"href":"https:\/\/radiostudiow.com.br\/site\/wp-json\/wp\/v2\/posts\/24041","targetHints":{"allow":["GET"]}}],"collection":[{"href":"https:\/\/radiostudiow.com.br\/site\/wp-json\/wp\/v2\/posts"}],"about":[{"href":"https:\/\/radiostudiow.com.br\/site\/wp-json\/wp\/v2\/types\/post"}],"author":[{"embeddable":true,"href":"https:\/\/radiostudiow.com.br\/site\/wp-json\/wp\/v2\/users\/2"}],"replies":[{"embeddable":true,"href":"https:\/\/radiostudiow.com.br\/site\/wp-json\/wp\/v2\/comments?post=24041"}],"version-history":[{"count":1,"href":"https:\/\/radiostudiow.com.br\/site\/wp-json\/wp\/v2\/posts\/24041\/revisions"}],"predecessor-version":[{"id":24043,"href":"https:\/\/radiostudiow.com.br\/site\/wp-json\/wp\/v2\/posts\/24041\/revisions\/24043"}],"wp:featuredmedia":[{"embeddable":true,"href":"https:\/\/radiostudiow.com.br\/site\/wp-json\/wp\/v2\/media\/18865"}],"wp:attachment":[{"href":"https:\/\/radiostudiow.com.br\/site\/wp-json\/wp\/v2\/media?parent=24041"}],"wp:term":[{"taxonomy":"category","embeddable":true,"href":"https:\/\/radiostudiow.com.br\/site\/wp-json\/wp\/v2\/categories?post=24041"},{"taxonomy":"post_tag","embeddable":true,"href":"https:\/\/radiostudiow.com.br\/site\/wp-json\/wp\/v2\/tags?post=24041"}],"curies":[{"name":"wp","href":"https:\/\/api.w.org\/{rel}","templated":true}]}}