{"id":24053,"date":"2024-06-28T21:22:43","date_gmt":"2024-06-29T00:22:43","guid":{"rendered":"https:\/\/radiostudiow.com.br\/site\/?p=24053"},"modified":"2025-01-31T14:59:12","modified_gmt":"2025-01-31T17:59:12","slug":"evento-no-campus-de-irati-discute-o-combate-aos-diferentes-tipos-de-assedio-e-violencia","status":"publish","type":"post","link":"https:\/\/radiostudiow.com.br\/site\/2024\/06\/28\/evento-no-campus-de-irati-discute-o-combate-aos-diferentes-tipos-de-assedio-e-violencia\/","title":{"rendered":"Evento no C\u00e2mpus de Irati discute o combate aos diferentes tipos de ass\u00e9dio e viol\u00eancia"},"content":{"rendered":"\n<figure class=\"wp-block-image size-full\"><img loading=\"lazy\" decoding=\"async\" width=\"897\" height=\"204\" src=\"https:\/\/radiostudiow.com.br\/site\/wp-content\/uploads\/2024\/04\/image-15.png\" alt=\"\" class=\"wp-image-21199\" srcset=\"https:\/\/radiostudiow.com.br\/site\/wp-content\/uploads\/2024\/04\/image-15.png 897w, https:\/\/radiostudiow.com.br\/site\/wp-content\/uploads\/2024\/04\/image-15-300x68.png 300w, https:\/\/radiostudiow.com.br\/site\/wp-content\/uploads\/2024\/04\/image-15-768x175.png 768w\" sizes=\"auto, (max-width: 897px) 100vw, 897px\" \/><\/figure>\n\n\n\n<p>Na \u00faltima quarta-feira (26), o Audit\u00f3rio Denise Stoklos do C\u00e2mpus de Irati da Universidade Estadual do Centro-Oeste (Unicentro) foi o espa\u00e7o da roda de conversa \u201cEscudos de Esperan\u00e7a: estrat\u00e9gias e abordagens para combater os diferentes tipos de ass\u00e9dio e a viol\u00eancia\u201d. O evento promovido pelo Centro Acad\u00eamico de Pedagogia \u201cMaria Rita\u201d (Caped) reuniu profissionais de diferentes \u00e1reas para falar sobre o cen\u00e1rio atual, as a\u00e7\u00f5es que t\u00eam sido adotadas e as possibilidades de atua\u00e7\u00e3o para que os futuros docentes tamb\u00e9m ajudem no enfrentamento desses problemas.<\/p>\n\n\n\n<p><strong><em>\u201cA gente pensou no evento \u2018Escudos da Esperan\u00e7a\u2019 para falar das abordagens e m\u00e9todos que um professor pode ter dentro da sala de aula. Para que ele consiga conversar com os seus alunos e combater as diferentes viol\u00eancias contra crian\u00e7as, adolescentes e mulheres\u201d, explica o presidente do Caped, Kau\u00e3 Jaison Koczyla Marques dos Santos.<\/em><\/strong><\/p>\n\n\n\n<figure class=\"wp-block-image size-full\"><img loading=\"lazy\" decoding=\"async\" width=\"400\" height=\"562\" src=\"https:\/\/radiostudiow.com.br\/site\/wp-content\/uploads\/2024\/06\/12-1.jpeg\" alt=\"\" class=\"wp-image-24056\" srcset=\"https:\/\/radiostudiow.com.br\/site\/wp-content\/uploads\/2024\/06\/12-1.jpeg 400w, https:\/\/radiostudiow.com.br\/site\/wp-content\/uploads\/2024\/06\/12-1-214x300.jpeg 214w\" sizes=\"auto, (max-width: 400px) 100vw, 400px\" \/><\/figure>\n\n\n\n<p>Uma das iniciativas apresentadas na noite foi a da professora Neuza Maria Ivaniski, do Col\u00e9gio Estadual Professor Dario Veloso. Na escola de Mallet, a docente desenvolve o projeto \u201cPara Elas\u201d, junto com alunas do ensino fundamental e do ensino m\u00e9dio. <strong><em>\u201cA gente trabalha no sentido de empoder\u00e1-las para que elas estejam munidas de informa\u00e7\u00f5es e n\u00e3o sejam v\u00edtimas de abuso f\u00edsico e psicol\u00f3gico principalmente. A base do projeto \u00e9 o di\u00e1logo. N\u00f3s promovemos rodas de conversa com elas e chamamos as m\u00e3es em momentos espec\u00edficos, quando h\u00e1 a necessidade. A gente percebe que as meninas se sentem mais seguras e que isso reflete no aprendizado delas tamb\u00e9m\u201d, comenta Neuza.<\/em><\/strong><\/p>\n\n\n\n<figure class=\"wp-block-image size-full\"><img decoding=\"async\" src=\"https:\/\/radiostudiow.com.br\/site\/wp-content\/uploads\/2024\/04\/image-42.png\" alt=\"\" class=\"wp-image-21334\"\/><\/figure>\n\n\n\n<p>A experi\u00eancia do N\u00facleo de Estudos e Defesa dos Direitos da Inf\u00e2ncia e Juventude do c\u00e2mpus (NEDDIJ\/Irati) tamb\u00e9m foi destacada no evento.<strong><em> \u201cO NEDDIJ \u00e9 um projeto de extens\u00e3o que trabalha diretamente com casos que envolvem viol\u00eancia e viola\u00e7\u00e3o de direitos. Ent\u00e3o n\u00f3s trouxemos para o evento o que \u00e9 o projeto, como a gente atua, qual \u00e9 o nosso p\u00fablico e tamb\u00e9m um pouco das nossas abordagens e estrat\u00e9gias para lidar com essas situa\u00e7\u00f5es\u201d, detalha Elo\u00edsa Harmuch, psic\u00f3loga do N\u00facleo.<\/em><\/strong><\/p>\n\n\n\n<figure class=\"wp-block-image size-full\"><img loading=\"lazy\" decoding=\"async\" width=\"400\" height=\"400\" src=\"https:\/\/radiostudiow.com.br\/site\/wp-content\/uploads\/2024\/06\/13-1.jpeg\" alt=\"\" class=\"wp-image-24055\" srcset=\"https:\/\/radiostudiow.com.br\/site\/wp-content\/uploads\/2024\/06\/13-1.jpeg 400w, https:\/\/radiostudiow.com.br\/site\/wp-content\/uploads\/2024\/06\/13-1-300x300.jpeg 300w, https:\/\/radiostudiow.com.br\/site\/wp-content\/uploads\/2024\/06\/13-1-80x80.jpeg 80w\" sizes=\"auto, (max-width: 400px) 100vw, 400px\" \/><\/figure>\n\n\n\n<p>Coordenadora do Centro de Refer\u00eancia Especializado em Assist\u00eancia Social (Creas) de Mallet, a psic\u00f3loga Michelle Wladyka ressaltou a import\u00e2ncia de trazer esse tipo de discuss\u00e3o para a forma\u00e7\u00e3o docente. Segundo ela, a escola \u00e9 um dos principais espa\u00e7os em que as situa\u00e7\u00f5es de viol\u00eancia acabam sendo reveladas. <strong><em>\u201cMuitas vezes os professores t\u00eam esse receio de receber essas devolutivas das crian\u00e7as, mas eu vim falar que eles n\u00e3o se assustem. Porque se elas v\u00e3o buscar essa professora, essa pedagoga, enfim, elas est\u00e3o se sentindo seguras para relatar isso para um adulto que \u00e9 da confian\u00e7a delas. E quando os professores se capacitam, eles t\u00eam chance de acolher melhor essas crian\u00e7as\u201d, pontua Michelle.<\/em><\/strong><\/p>\n","protected":false},"excerpt":{"rendered":"<p>Na \u00faltima quarta-feira (26), o Audit\u00f3rio Denise Stoklos do C\u00e2mpus de Irati da Universidade Estadual do Centro-Oeste (Unicentro) foi o espa\u00e7o da roda de conversa \u201cEscudos de Esperan\u00e7a: estrat\u00e9gias e abordagens para combater os diferentes tipos de ass\u00e9dio e a viol\u00eancia\u201d. O evento promovido pelo Centro Acad\u00eamico de Pedagogia \u201cMaria Rita\u201d (Caped) reuniu profissionais de [&hellip;]<\/p>\n","protected":false},"author":2,"featured_media":24054,"comment_status":"open","ping_status":"open","sticky":false,"template":"","format":"standard","meta":{"footnotes":""},"categories":[7],"tags":[172],"class_list":["post-24053","post","type-post","status-publish","format-standard","has-post-thumbnail","hentry","category-geral","tag-featured"],"amp_enabled":true,"_links":{"self":[{"href":"https:\/\/radiostudiow.com.br\/site\/wp-json\/wp\/v2\/posts\/24053","targetHints":{"allow":["GET"]}}],"collection":[{"href":"https:\/\/radiostudiow.com.br\/site\/wp-json\/wp\/v2\/posts"}],"about":[{"href":"https:\/\/radiostudiow.com.br\/site\/wp-json\/wp\/v2\/types\/post"}],"author":[{"embeddable":true,"href":"https:\/\/radiostudiow.com.br\/site\/wp-json\/wp\/v2\/users\/2"}],"replies":[{"embeddable":true,"href":"https:\/\/radiostudiow.com.br\/site\/wp-json\/wp\/v2\/comments?post=24053"}],"version-history":[{"count":1,"href":"https:\/\/radiostudiow.com.br\/site\/wp-json\/wp\/v2\/posts\/24053\/revisions"}],"predecessor-version":[{"id":24057,"href":"https:\/\/radiostudiow.com.br\/site\/wp-json\/wp\/v2\/posts\/24053\/revisions\/24057"}],"wp:featuredmedia":[{"embeddable":true,"href":"https:\/\/radiostudiow.com.br\/site\/wp-json\/wp\/v2\/media\/24054"}],"wp:attachment":[{"href":"https:\/\/radiostudiow.com.br\/site\/wp-json\/wp\/v2\/media?parent=24053"}],"wp:term":[{"taxonomy":"category","embeddable":true,"href":"https:\/\/radiostudiow.com.br\/site\/wp-json\/wp\/v2\/categories?post=24053"},{"taxonomy":"post_tag","embeddable":true,"href":"https:\/\/radiostudiow.com.br\/site\/wp-json\/wp\/v2\/tags?post=24053"}],"curies":[{"name":"wp","href":"https:\/\/api.w.org\/{rel}","templated":true}]}}