{"id":2406,"date":"2021-06-11T16:26:04","date_gmt":"2021-06-11T19:26:04","guid":{"rendered":"https:\/\/radiostudiow.com.br\/site\/?p=2406"},"modified":"2025-01-15T11:47:58","modified_gmt":"2025-01-15T14:47:58","slug":"homem-morre-durante-colheita-de-batata-em-antonio-olinto","status":"publish","type":"post","link":"https:\/\/radiostudiow.com.br\/site\/2021\/06\/11\/homem-morre-durante-colheita-de-batata-em-antonio-olinto\/","title":{"rendered":"HOMEM MORRE DURANTE COLHEITA DE BATATA EM ANT\u00d4NIO OLINTO"},"content":{"rendered":"\n<p>Um homem morreu na tarde desta quinta-feira (10), enquanto trabalhava na colheita de batatas, na localidade de \u00c1gua Amarela de Baixo, em Ant\u00f4nio Olinto.<\/p>\n\n\n\n<p>A v\u00edtima identificada como Rivaldo Jos\u00e9 Agostinhak, de 42 anos, teria passado mal durante o trabalho e ca\u00eddo ao ch\u00e3o.<\/p>\n\n\n\n<p>A equipe de Sa\u00fade acionou a Pol\u00edcia Militar por volta das 17:00 horas para atender a ocorr\u00eancia. Testemunhas relataram que o homem trabalhava em uma ro\u00e7a, quando desmaiou e caiu na terra.<\/p>\n\n\n\n<p>Uma ambul\u00e2ncia da Secretaria de Sa\u00fade do munic\u00edpio foi at\u00e9 o local, por\u00e9m j\u00e1 havia entrado em \u00f3bito.<\/p>\n\n\n\n<p>A Pol\u00edcia Civil investigou o caso e apontou que a morte possivelmente tenha sido de causa natural. Familiares disseram que o homem teria sofrido um infarto fulminante.<\/p>\n\n\n\n<figure class=\"wp-block-image size-large\"><img decoding=\"async\" src=\"https:\/\/radiostudiow.com.br\/site\/wp-content\/uploads\/2021\/03\/SEPAC.jpg\" alt=\"\" class=\"wp-image-1213\"\/><\/figure>\n\n\n\n<p>Fonte\/Foto: <a href=\"https:\/\/portalrdx.com.br\/\" data-type=\"URL\" data-id=\"https:\/\/portalrdx.com.br\/\">Portal RDX<\/a><\/p>\n","protected":false},"excerpt":{"rendered":"<p>Um homem morreu na tarde desta quinta-feira (10), enquanto trabalhava na colheita de batatas, na localidade de \u00c1gua Amarela de Baixo, em Ant\u00f4nio Olinto. A v\u00edtima identificada como Rivaldo Jos\u00e9 Agostinhak, de 42 anos, teria passado mal durante o trabalho e ca\u00eddo ao ch\u00e3o. A equipe de Sa\u00fade acionou a Pol\u00edcia Militar por volta das [&hellip;]<\/p>\n","protected":false},"author":2,"featured_media":0,"comment_status":"open","ping_status":"open","sticky":false,"template":"","format":"standard","meta":{"footnotes":""},"categories":[2,185],"tags":[172],"class_list":["post-2406","post","type-post","status-publish","format-standard","hentry","category-policial","category-regional","tag-featured"],"amp_enabled":true,"_links":{"self":[{"href":"https:\/\/radiostudiow.com.br\/site\/wp-json\/wp\/v2\/posts\/2406","targetHints":{"allow":["GET"]}}],"collection":[{"href":"https:\/\/radiostudiow.com.br\/site\/wp-json\/wp\/v2\/posts"}],"about":[{"href":"https:\/\/radiostudiow.com.br\/site\/wp-json\/wp\/v2\/types\/post"}],"author":[{"embeddable":true,"href":"https:\/\/radiostudiow.com.br\/site\/wp-json\/wp\/v2\/users\/2"}],"replies":[{"embeddable":true,"href":"https:\/\/radiostudiow.com.br\/site\/wp-json\/wp\/v2\/comments?post=2406"}],"version-history":[{"count":2,"href":"https:\/\/radiostudiow.com.br\/site\/wp-json\/wp\/v2\/posts\/2406\/revisions"}],"predecessor-version":[{"id":2410,"href":"https:\/\/radiostudiow.com.br\/site\/wp-json\/wp\/v2\/posts\/2406\/revisions\/2410"}],"wp:attachment":[{"href":"https:\/\/radiostudiow.com.br\/site\/wp-json\/wp\/v2\/media?parent=2406"}],"wp:term":[{"taxonomy":"category","embeddable":true,"href":"https:\/\/radiostudiow.com.br\/site\/wp-json\/wp\/v2\/categories?post=2406"},{"taxonomy":"post_tag","embeddable":true,"href":"https:\/\/radiostudiow.com.br\/site\/wp-json\/wp\/v2\/tags?post=2406"}],"curies":[{"name":"wp","href":"https:\/\/api.w.org\/{rel}","templated":true}]}}