{"id":24068,"date":"2024-07-01T21:08:19","date_gmt":"2024-07-02T00:08:19","guid":{"rendered":"https:\/\/radiostudiow.com.br\/site\/?p=24068"},"modified":"2025-01-31T14:59:11","modified_gmt":"2025-01-31T17:59:11","slug":"homem-e-agredido-e-ameacado-na-area-central-de-mallet","status":"publish","type":"post","link":"https:\/\/radiostudiow.com.br\/site\/2024\/07\/01\/homem-e-agredido-e-ameacado-na-area-central-de-mallet\/","title":{"rendered":"Homem \u00e9 agredido e amea\u00e7ado na \u00e1rea central de Mallet"},"content":{"rendered":"\n<p>Um homem compareceu ao Pelot\u00e3o da Pol\u00edcia Militar de Mallet por volta das 10:10 horas desse domingo, 30 de junho, para relatar uma situa\u00e7\u00e3o de agress\u00e3o e amea\u00e7a.<\/p>\n\n\n\n<figure class=\"wp-block-image size-full\"><img decoding=\"async\" src=\"https:\/\/radiostudiow.com.br\/site\/wp-content\/uploads\/2024\/04\/SITE-MEDIO.png\" alt=\"\" class=\"wp-image-21854\"\/><\/figure>\n\n\n\n<p>O solicitante afirmou que no s\u00e1bado (29), por volta das 23:30 horas, esta no Parque dos Imigrantes com outros quatro amigos, quando um grupo de 10 pessoas se aproximou do seu grupo.<\/p>\n\n\n\n<p>Um rapaz do grupo dessas 10 pessoas perguntou se o solicitante estaria encarando-o e em seguida arremessou uma garrafa de bebida em sua dire\u00e7\u00e3o. Para se defender solicitante tamb\u00e9m arremessou um objeto no autor. Momento que vieram ent\u00e3o em sua dire\u00e7\u00e3o, e entraram em vias de fato.<\/p>\n\n\n\n<figure class=\"wp-block-image size-full\"><img decoding=\"async\" src=\"https:\/\/radiostudiow.com.br\/site\/wp-content\/uploads\/2024\/04\/image-47.png\" alt=\"\" class=\"wp-image-21404\"\/><\/figure>\n\n\n\n<p>Em uma determinada circunst\u00e2ncia, o autor conseguiu agarrar o solicitante e aplicar um \u201cmatale\u00e3o\u201d e outro amigo de autor, veio em sua dire\u00e7\u00e3o com uma faca. A v\u00edtima veio desmaia com o golpe, o grupo saiu correndo e tomou rumo ignorado.<\/p>\n\n\n\n<p>O solicitante foi ao hospital para atendimento m\u00e9dico e foi orientada sobre os procedimentos de pol\u00edcia judiciaria.<\/p>\n","protected":false},"excerpt":{"rendered":"<p>Um homem compareceu ao Pelot\u00e3o da Pol\u00edcia Militar de Mallet por volta das 10:10 horas desse domingo, 30 de junho, para relatar uma situa\u00e7\u00e3o de agress\u00e3o e amea\u00e7a. O solicitante afirmou que no s\u00e1bado (29), por volta das 23:30 horas, esta no Parque dos Imigrantes com outros quatro amigos, quando um grupo de 10 pessoas [&hellip;]<\/p>\n","protected":false},"author":2,"featured_media":24141,"comment_status":"open","ping_status":"open","sticky":false,"template":"","format":"standard","meta":{"footnotes":""},"categories":[2],"tags":[172],"class_list":["post-24068","post","type-post","status-publish","format-standard","has-post-thumbnail","hentry","category-policial","tag-featured"],"amp_enabled":true,"_links":{"self":[{"href":"https:\/\/radiostudiow.com.br\/site\/wp-json\/wp\/v2\/posts\/24068","targetHints":{"allow":["GET"]}}],"collection":[{"href":"https:\/\/radiostudiow.com.br\/site\/wp-json\/wp\/v2\/posts"}],"about":[{"href":"https:\/\/radiostudiow.com.br\/site\/wp-json\/wp\/v2\/types\/post"}],"author":[{"embeddable":true,"href":"https:\/\/radiostudiow.com.br\/site\/wp-json\/wp\/v2\/users\/2"}],"replies":[{"embeddable":true,"href":"https:\/\/radiostudiow.com.br\/site\/wp-json\/wp\/v2\/comments?post=24068"}],"version-history":[{"count":6,"href":"https:\/\/radiostudiow.com.br\/site\/wp-json\/wp\/v2\/posts\/24068\/revisions"}],"predecessor-version":[{"id":24142,"href":"https:\/\/radiostudiow.com.br\/site\/wp-json\/wp\/v2\/posts\/24068\/revisions\/24142"}],"wp:featuredmedia":[{"embeddable":true,"href":"https:\/\/radiostudiow.com.br\/site\/wp-json\/wp\/v2\/media\/24141"}],"wp:attachment":[{"href":"https:\/\/radiostudiow.com.br\/site\/wp-json\/wp\/v2\/media?parent=24068"}],"wp:term":[{"taxonomy":"category","embeddable":true,"href":"https:\/\/radiostudiow.com.br\/site\/wp-json\/wp\/v2\/categories?post=24068"},{"taxonomy":"post_tag","embeddable":true,"href":"https:\/\/radiostudiow.com.br\/site\/wp-json\/wp\/v2\/tags?post=24068"}],"curies":[{"name":"wp","href":"https:\/\/api.w.org\/{rel}","templated":true}]}}