{"id":24089,"date":"2024-07-01T12:06:04","date_gmt":"2024-07-01T15:06:04","guid":{"rendered":"https:\/\/radiostudiow.com.br\/site\/?p=24089"},"modified":"2025-01-31T14:59:12","modified_gmt":"2025-01-31T17:59:12","slug":"homem-e-preso-por-agredir-a-mae-no-centro-de-uniao-da-vitoria","status":"publish","type":"post","link":"https:\/\/radiostudiow.com.br\/site\/2024\/07\/01\/homem-e-preso-por-agredir-a-mae-no-centro-de-uniao-da-vitoria\/","title":{"rendered":"Homem \u00e9 preso por agredir a m\u00e3e no centro de Uni\u00e3o da Vit\u00f3ria"},"content":{"rendered":"\n<p>Um homem foi preso por volta das 22 horas dessa sexta-feira, 28 de junho, ap\u00f3s agredir a pr\u00f3pria m\u00e3e na centro de Uni\u00e3o da Vit\u00f3ria.<\/p>\n\n\n\n<figure class=\"wp-block-image size-full\"><img decoding=\"async\" src=\"https:\/\/radiostudiow.com.br\/site\/wp-content\/uploads\/2024\/04\/image-42.png\" alt=\"\" class=\"wp-image-21334\"\/><\/figure>\n\n\n\n<p>Segundo informa\u00e7\u00f5es, o homem fez uso excessivo de bebidas alco\u00f3licas e alterado, veio a agredir a m\u00e3e que acionou a Pol\u00edcia Militar para denunciar o caso. Ela tamb\u00e9m desejou representar contra o filho.<\/p>\n\n\n\n<p>O homem foi abordado e reagiu a a\u00e7\u00e3o policial, sendo contido e preso. Ele foi encaminhado at\u00e9 a delegacia de Uni\u00e3o da Vit\u00f3ria para que fossem adotadas as medidas cab\u00edveis.<\/p>\n","protected":false},"excerpt":{"rendered":"<p>Um homem foi preso por volta das 22 horas dessa sexta-feira, 28 de junho, ap\u00f3s agredir a pr\u00f3pria m\u00e3e na centro de Uni\u00e3o da Vit\u00f3ria. Segundo informa\u00e7\u00f5es, o homem fez uso excessivo de bebidas alco\u00f3licas e alterado, veio a agredir a m\u00e3e que acionou a Pol\u00edcia Militar para denunciar o caso. Ela tamb\u00e9m desejou representar [&hellip;]<\/p>\n","protected":false},"author":2,"featured_media":20848,"comment_status":"open","ping_status":"open","sticky":false,"template":"","format":"standard","meta":{"footnotes":""},"categories":[2],"tags":[172],"class_list":["post-24089","post","type-post","status-publish","format-standard","has-post-thumbnail","hentry","category-policial","tag-featured"],"amp_enabled":true,"_links":{"self":[{"href":"https:\/\/radiostudiow.com.br\/site\/wp-json\/wp\/v2\/posts\/24089","targetHints":{"allow":["GET"]}}],"collection":[{"href":"https:\/\/radiostudiow.com.br\/site\/wp-json\/wp\/v2\/posts"}],"about":[{"href":"https:\/\/radiostudiow.com.br\/site\/wp-json\/wp\/v2\/types\/post"}],"author":[{"embeddable":true,"href":"https:\/\/radiostudiow.com.br\/site\/wp-json\/wp\/v2\/users\/2"}],"replies":[{"embeddable":true,"href":"https:\/\/radiostudiow.com.br\/site\/wp-json\/wp\/v2\/comments?post=24089"}],"version-history":[{"count":2,"href":"https:\/\/radiostudiow.com.br\/site\/wp-json\/wp\/v2\/posts\/24089\/revisions"}],"predecessor-version":[{"id":24099,"href":"https:\/\/radiostudiow.com.br\/site\/wp-json\/wp\/v2\/posts\/24089\/revisions\/24099"}],"wp:featuredmedia":[{"embeddable":true,"href":"https:\/\/radiostudiow.com.br\/site\/wp-json\/wp\/v2\/media\/20848"}],"wp:attachment":[{"href":"https:\/\/radiostudiow.com.br\/site\/wp-json\/wp\/v2\/media?parent=24089"}],"wp:term":[{"taxonomy":"category","embeddable":true,"href":"https:\/\/radiostudiow.com.br\/site\/wp-json\/wp\/v2\/categories?post=24089"},{"taxonomy":"post_tag","embeddable":true,"href":"https:\/\/radiostudiow.com.br\/site\/wp-json\/wp\/v2\/tags?post=24089"}],"curies":[{"name":"wp","href":"https:\/\/api.w.org\/{rel}","templated":true}]}}