{"id":24095,"date":"2024-07-01T17:51:28","date_gmt":"2024-07-01T20:51:28","guid":{"rendered":"https:\/\/radiostudiow.com.br\/site\/?p=24095"},"modified":"2025-01-31T14:59:12","modified_gmt":"2025-01-31T17:59:12","slug":"mulher-aciona-policia-para-denunciar-convivente-por-injuria","status":"publish","type":"post","link":"https:\/\/radiostudiow.com.br\/site\/2024\/07\/01\/mulher-aciona-policia-para-denunciar-convivente-por-injuria\/","title":{"rendered":"Mulher aciona Pol\u00edcia para denunciar convivente por inj\u00faria"},"content":{"rendered":"\n<p>Uma mulher acionou a Pol\u00edcia Militar para denunciar o convivente por volta das 10:50 horas desse domingo, 30 de junho, na cidade de Porto Uni\u00e3o.<\/p>\n\n\n\n<figure class=\"wp-block-image size-full\"><img decoding=\"async\" src=\"https:\/\/radiostudiow.com.br\/site\/wp-content\/uploads\/2024\/04\/image-6.png\" alt=\"\" class=\"wp-image-21168\"\/><\/figure>\n\n\n\n<p>Conforme informa\u00e7\u00f5es, a mulher foi no jantar da empresa em que trabalho e retornou para casa pr\u00f3ximo da meia noite. O convivente ficou revoltado e passou a injuriar a mulher, dizendo v\u00e1rias ofensas.<\/p>\n\n\n\n<p>A mulher acionou a Pol\u00edcia alegando que est\u00e1 abalada emocionalmente e que deseja se separar. O homem saiu da casa antes da chegada da Pol\u00edcia temendo ser detido. O caso foi registrado e orienta\u00e7\u00f5es foram repassadas.<\/p>\n","protected":false},"excerpt":{"rendered":"<p>Uma mulher acionou a Pol\u00edcia Militar para denunciar o convivente por volta das 10:50 horas desse domingo, 30 de junho, na cidade de Porto Uni\u00e3o. Conforme informa\u00e7\u00f5es, a mulher foi no jantar da empresa em que trabalho e retornou para casa pr\u00f3ximo da meia noite. O convivente ficou revoltado e passou a injuriar a mulher, [&hellip;]<\/p>\n","protected":false},"author":2,"featured_media":22163,"comment_status":"open","ping_status":"open","sticky":false,"template":"","format":"standard","meta":{"footnotes":""},"categories":[2],"tags":[172],"class_list":["post-24095","post","type-post","status-publish","format-standard","has-post-thumbnail","hentry","category-policial","tag-featured"],"amp_enabled":true,"_links":{"self":[{"href":"https:\/\/radiostudiow.com.br\/site\/wp-json\/wp\/v2\/posts\/24095","targetHints":{"allow":["GET"]}}],"collection":[{"href":"https:\/\/radiostudiow.com.br\/site\/wp-json\/wp\/v2\/posts"}],"about":[{"href":"https:\/\/radiostudiow.com.br\/site\/wp-json\/wp\/v2\/types\/post"}],"author":[{"embeddable":true,"href":"https:\/\/radiostudiow.com.br\/site\/wp-json\/wp\/v2\/users\/2"}],"replies":[{"embeddable":true,"href":"https:\/\/radiostudiow.com.br\/site\/wp-json\/wp\/v2\/comments?post=24095"}],"version-history":[{"count":2,"href":"https:\/\/radiostudiow.com.br\/site\/wp-json\/wp\/v2\/posts\/24095\/revisions"}],"predecessor-version":[{"id":24105,"href":"https:\/\/radiostudiow.com.br\/site\/wp-json\/wp\/v2\/posts\/24095\/revisions\/24105"}],"wp:featuredmedia":[{"embeddable":true,"href":"https:\/\/radiostudiow.com.br\/site\/wp-json\/wp\/v2\/media\/22163"}],"wp:attachment":[{"href":"https:\/\/radiostudiow.com.br\/site\/wp-json\/wp\/v2\/media?parent=24095"}],"wp:term":[{"taxonomy":"category","embeddable":true,"href":"https:\/\/radiostudiow.com.br\/site\/wp-json\/wp\/v2\/categories?post=24095"},{"taxonomy":"post_tag","embeddable":true,"href":"https:\/\/radiostudiow.com.br\/site\/wp-json\/wp\/v2\/tags?post=24095"}],"curies":[{"name":"wp","href":"https:\/\/api.w.org\/{rel}","templated":true}]}}