{"id":24108,"date":"2024-07-02T10:03:04","date_gmt":"2024-07-02T13:03:04","guid":{"rendered":"https:\/\/radiostudiow.com.br\/site\/?p=24108"},"modified":"2025-01-31T14:59:11","modified_gmt":"2025-01-31T17:59:11","slug":"saude-alerta-para-campanha-julho-amarelo-de-prevencao-as-hepatites-virais","status":"publish","type":"post","link":"https:\/\/radiostudiow.com.br\/site\/2024\/07\/02\/saude-alerta-para-campanha-julho-amarelo-de-prevencao-as-hepatites-virais\/","title":{"rendered":"Sa\u00fade alerta para campanha Julho Amarelo de preven\u00e7\u00e3o \u00e0s hepatites virais"},"content":{"rendered":"\n<p>A Secretaria da Sa\u00fade do Paran\u00e1 (Sesa) chama a aten\u00e7\u00e3o da popula\u00e7\u00e3o para a campanha nacional \u201cJulho Amarelo: m\u00eas de luta contra as hepatites virais\u201d. Institu\u00edda no Brasil pela Lei n\u00ba 13.802\/2019, a iniciativa objetiva refor\u00e7ar as a\u00e7\u00f5es de vigil\u00e2ncia, preven\u00e7\u00e3o e controle destas doen\u00e7as. A Sesa alerta para os cuidados com as infec\u00e7\u00f5es que atingem o f\u00edgado, podendo ser leves, moderadas ou graves, evoluir para a necessidade de transplante e at\u00e9 mesmo levar \u00e0 morte.<\/p>\n\n\n\n<figure class=\"wp-block-image size-full\"><img decoding=\"async\" src=\"https:\/\/radiostudiow.com.br\/site\/wp-content\/uploads\/2024\/04\/SITE-MEDIO.png\" alt=\"\" class=\"wp-image-21854\"\/><\/figure>\n\n\n\n<p>As hepatites virais s\u00e3o divididas entre A, B, C, D e E. As mais comuns s\u00e3o as causadas pelos v\u00edrus A, B e C. Elas s\u00e3o contra\u00eddas por v\u00edrus ou&nbsp;uso de medicamentos, \u00e1lcool e outras drogas, por doen\u00e7as autoimunes, metab\u00f3licas ou gen\u00e9ticas. A preven\u00e7\u00e3o se d\u00e1 por meio de vacina\u00e7\u00e3o e cuidados b\u00e1sicos de higiene.<\/p>\n\n\n\n<p>De acordo com a Organiza\u00e7\u00e3o Mundial da Sa\u00fade (OMS), estima-se que 400 milh\u00f5es de pessoas em todo o mundo estejam infectadas pelos v\u00edrus da hepatite B e C e que apenas uma em cada 20 pessoas com hepatite viral sabe que est\u00e1 doente. S\u00f3 uma em cada 100 est\u00e1 recebendo tratamento.<\/p>\n\n\n\n<p>Segundo dados da Sesa, ano passado o Paran\u00e1 registrou 39 casos de hepatite A; 1.161 de hepatite B; 776 do tipo C e 1 caso de hepatite D ou \u201cB+D\u201d, pois um paciente s\u00f3 pode contrair a hepatite D por meio do v\u00edrus da hepatite B. Este ano, de janeiro a junho, foram notificados 390 casos de hepatite A; 291 de hepatite B; 243 de hepatite C e 1 caso de hepatite D. Em 2023, 77 pessoas morreram no Estado e este ano j\u00e1 s\u00e3o 32 \u00f3bitos em decorr\u00eancia das infec\u00e7\u00f5es. Recentemente a Secretaria Municipal da Sa\u00fade de Curitiba (SMS) informou um surto de casos de hepatite A, com registro de 353 infec\u00e7\u00f5es e cinco \u00f3bitos.<\/p>\n\n\n\n<figure class=\"wp-block-gallery has-nested-images columns-default is-cropped wp-block-gallery-1 is-layout-flex wp-block-gallery-is-layout-flex\">\n<figure class=\"wp-block-image size-large\"><img loading=\"lazy\" decoding=\"async\" width=\"884\" height=\"1024\" data-id=\"24154\" src=\"https:\/\/radiostudiow.com.br\/site\/wp-content\/uploads\/2024\/07\/449688034_899551182214187_3553501377173711751_n-884x1024.jpg\" alt=\"\" class=\"wp-image-24154\" srcset=\"https:\/\/radiostudiow.com.br\/site\/wp-content\/uploads\/2024\/07\/449688034_899551182214187_3553501377173711751_n-884x1024.jpg 884w, https:\/\/radiostudiow.com.br\/site\/wp-content\/uploads\/2024\/07\/449688034_899551182214187_3553501377173711751_n-259x300.jpg 259w, https:\/\/radiostudiow.com.br\/site\/wp-content\/uploads\/2024\/07\/449688034_899551182214187_3553501377173711751_n-768x890.jpg 768w, https:\/\/radiostudiow.com.br\/site\/wp-content\/uploads\/2024\/07\/449688034_899551182214187_3553501377173711751_n.jpg 1079w\" sizes=\"auto, (max-width: 884px) 100vw, 884px\" \/><\/figure>\n\n\n\n<figure class=\"wp-block-image size-large\"><img loading=\"lazy\" decoding=\"async\" width=\"884\" height=\"1024\" data-id=\"24155\" src=\"https:\/\/radiostudiow.com.br\/site\/wp-content\/uploads\/2024\/07\/449517178_899551178880854_2295916599695325686_n-884x1024.jpg\" alt=\"\" class=\"wp-image-24155\" srcset=\"https:\/\/radiostudiow.com.br\/site\/wp-content\/uploads\/2024\/07\/449517178_899551178880854_2295916599695325686_n-884x1024.jpg 884w, https:\/\/radiostudiow.com.br\/site\/wp-content\/uploads\/2024\/07\/449517178_899551178880854_2295916599695325686_n-259x300.jpg 259w, https:\/\/radiostudiow.com.br\/site\/wp-content\/uploads\/2024\/07\/449517178_899551178880854_2295916599695325686_n-768x890.jpg 768w, https:\/\/radiostudiow.com.br\/site\/wp-content\/uploads\/2024\/07\/449517178_899551178880854_2295916599695325686_n.jpg 1079w\" sizes=\"auto, (max-width: 884px) 100vw, 884px\" \/><\/figure>\n<\/figure>\n\n\n\n<p><strong>SINTOMAS E DETEC\u00c7\u00c3O&nbsp;\u2013&nbsp;<\/strong>Na maioria dos casos, a infec\u00e7\u00e3o pelo v\u00edrus da hepatite \u00e9 silenciosa e n\u00e3o apresenta sintomas. Quando presentes, os sinais s\u00e3o cansa\u00e7o, febre, mal-estar, tontura, n\u00e1useas, v\u00f4mitos, dor abdominal, pele e olhos amarelados, urina escura e fezes claras. Em casos de sintomas ou contato com casos confirmados, a orienta\u00e7\u00e3o \u00e9 que a pessoa procure uma unidade de sa\u00fade o mais r\u00e1pido poss\u00edvel.<\/p>\n\n\n\n<p>A detec\u00e7\u00e3o dos v\u00edrus que causam as hepatites virais \u00e9 realizada por meio de testagem. Nos casos das hepatites B e C, o Sistema \u00danico de Sa\u00fade (SUS) disponibiliza testes r\u00e1pidos e, para os demais v\u00edrus, \u00e9 recomendado o teste de sorologia, analisado laboratorialmente. \u201cO diagn\u00f3stico precoce e o tratamento adequado s\u00e3o fundamentais para evitar o agravamento dessas infec\u00e7\u00f5es\u201d, enfatiza o secret\u00e1rio estadual da Sa\u00fade, C\u00e9sar Neves.<\/p>\n\n\n\n<figure class=\"wp-block-image size-large is-resized\"><img loading=\"lazy\" decoding=\"async\" width=\"884\" height=\"1024\" src=\"https:\/\/radiostudiow.com.br\/site\/wp-content\/uploads\/2024\/07\/07-884x1024.jpg\" alt=\"\" class=\"wp-image-24153\" style=\"width:425px;height:auto\" srcset=\"https:\/\/radiostudiow.com.br\/site\/wp-content\/uploads\/2024\/07\/07-884x1024.jpg 884w, https:\/\/radiostudiow.com.br\/site\/wp-content\/uploads\/2024\/07\/07-259x300.jpg 259w, https:\/\/radiostudiow.com.br\/site\/wp-content\/uploads\/2024\/07\/07-768x890.jpg 768w, https:\/\/radiostudiow.com.br\/site\/wp-content\/uploads\/2024\/07\/07.jpg 1079w\" sizes=\"auto, (max-width: 884px) 100vw, 884px\" \/><\/figure>\n\n\n\n<p><strong>INFEC\u00c7\u00c3O E CUIDADOS \u2013<\/strong>&nbsp;As hepatites A e E s\u00e3o transmitidas pelo consumo de \u00e1gua e alimentos contaminados por fezes e est\u00e3o ligadas \u00e0s condi\u00e7\u00f5es prec\u00e1rias de saneamento b\u00e1sico, higiene pessoal, qualidade da \u00e1gua e dos alimentos. Geralmente, essas infec\u00e7\u00f5es s\u00e3o benignas e autolimitadas, podendo ser mais brandas em crian\u00e7as e mais graves em adultos.<\/p>\n\n\n\n<p>As hepatites B, C e D s\u00e3o transmitidas pelo sangue via parenteral, percut\u00e2nea e vertical (de m\u00e3e para filho durante a gravidez, o parto e a amamenta\u00e7\u00e3o), por rela\u00e7\u00e3o sexual (sem preservativo), por objetos contaminados (l\u00e2minas de barbear, alicates de unha, tesouras e outros objetos como agulhas e seringas) e tamb\u00e9m por exposi\u00e7\u00e3o a material biol\u00f3gico contaminado, por exemplo, procedimentos cir\u00fargicos, odontol\u00f3gicos, hemodi\u00e1lises, transfus\u00f5es e endoscopias realizadas sem as normas de biosseguran\u00e7a.<\/p>\n\n\n\n<figure class=\"wp-block-image size-full\"><img loading=\"lazy\" decoding=\"async\" width=\"598\" height=\"204\" src=\"https:\/\/radiostudiow.com.br\/site\/wp-content\/uploads\/2024\/04\/image-39.png\" alt=\"\" class=\"wp-image-21311\" srcset=\"https:\/\/radiostudiow.com.br\/site\/wp-content\/uploads\/2024\/04\/image-39.png 598w, https:\/\/radiostudiow.com.br\/site\/wp-content\/uploads\/2024\/04\/image-39-300x102.png 300w\" sizes=\"auto, (max-width: 598px) 100vw, 598px\" \/><\/figure>\n\n\n\n<p><strong>VACINAS&nbsp;\u2013<\/strong>&nbsp;O SUS disponibiliza vacinas contra as hepatites A e B. J\u00e1 a hepatite C possui medicamentos que permitem sua cura. O Calend\u00e1rio Nacional de Vacina\u00e7\u00e3o recomenda uma dose de vacina recombinante contra a hepatite B ao nascer (no m\u00e1ximo at\u00e9 30 dias ap\u00f3s o nascimento) e a continuidade do esquema vacinal com a vacina pentavalente aos dois, quatro e seis meses de idade, al\u00e9m d uma dose de vacina inativada contra a hepatite A aos 15 meses de idade.<\/p>\n\n\n\n<p>Em 2023, Paran\u00e1 registrou 88,4% de cobertura na vacina da hepatite A; 80,8% na hepatite B e 89,9% da pentavalente. Este ano os dados parciais indicam que as coberturas est\u00e3o em 83,1%, 81,8% e 89,2%, respectivamente. A meta preconizada pelo Minist\u00e9rio da Sa\u00fade para essas vacinas \u00e9 de, no m\u00ednimo, 95%.<\/p>\n\n\n\n<ul class=\"wp-block-list\">\n<li><a href=\"https:\/\/www.saude.pr.gov.br\/sites\/default\/arquivos_restritos\/files\/imagem\/2024-07\/01_capaaen_853x480_.png\"><\/a><a href=\"https:\/\/www.saude.pr.gov.br\/sites\/default\/arquivos_restritos\/files\/imagem\/2024-07\/01_capaaen_853x480_.png\"><\/a><\/li>\n<\/ul>\n","protected":false},"excerpt":{"rendered":"<p>A Secretaria da Sa\u00fade do Paran\u00e1 (Sesa) chama a aten\u00e7\u00e3o da popula\u00e7\u00e3o para a campanha nacional \u201cJulho Amarelo: m\u00eas de luta contra as hepatites virais\u201d. Institu\u00edda no Brasil pela Lei n\u00ba 13.802\/2019, a iniciativa objetiva refor\u00e7ar as a\u00e7\u00f5es de vigil\u00e2ncia, preven\u00e7\u00e3o e controle destas doen\u00e7as. A Sesa alerta para os cuidados com as infec\u00e7\u00f5es que [&hellip;]<\/p>\n","protected":false},"author":2,"featured_media":24152,"comment_status":"open","ping_status":"open","sticky":false,"template":"","format":"standard","meta":{"footnotes":""},"categories":[7],"tags":[172],"class_list":["post-24108","post","type-post","status-publish","format-standard","has-post-thumbnail","hentry","category-geral","tag-featured"],"amp_enabled":true,"_links":{"self":[{"href":"https:\/\/radiostudiow.com.br\/site\/wp-json\/wp\/v2\/posts\/24108","targetHints":{"allow":["GET"]}}],"collection":[{"href":"https:\/\/radiostudiow.com.br\/site\/wp-json\/wp\/v2\/posts"}],"about":[{"href":"https:\/\/radiostudiow.com.br\/site\/wp-json\/wp\/v2\/types\/post"}],"author":[{"embeddable":true,"href":"https:\/\/radiostudiow.com.br\/site\/wp-json\/wp\/v2\/users\/2"}],"replies":[{"embeddable":true,"href":"https:\/\/radiostudiow.com.br\/site\/wp-json\/wp\/v2\/comments?post=24108"}],"version-history":[{"count":3,"href":"https:\/\/radiostudiow.com.br\/site\/wp-json\/wp\/v2\/posts\/24108\/revisions"}],"predecessor-version":[{"id":24156,"href":"https:\/\/radiostudiow.com.br\/site\/wp-json\/wp\/v2\/posts\/24108\/revisions\/24156"}],"wp:featuredmedia":[{"embeddable":true,"href":"https:\/\/radiostudiow.com.br\/site\/wp-json\/wp\/v2\/media\/24152"}],"wp:attachment":[{"href":"https:\/\/radiostudiow.com.br\/site\/wp-json\/wp\/v2\/media?parent=24108"}],"wp:term":[{"taxonomy":"category","embeddable":true,"href":"https:\/\/radiostudiow.com.br\/site\/wp-json\/wp\/v2\/categories?post=24108"},{"taxonomy":"post_tag","embeddable":true,"href":"https:\/\/radiostudiow.com.br\/site\/wp-json\/wp\/v2\/tags?post=24108"}],"curies":[{"name":"wp","href":"https:\/\/api.w.org\/{rel}","templated":true}]}}