{"id":2411,"date":"2021-06-11T17:02:11","date_gmt":"2021-06-11T20:02:11","guid":{"rendered":"https:\/\/radiostudiow.com.br\/site\/?p=2411"},"modified":"2025-01-15T11:48:01","modified_gmt":"2025-01-15T14:48:01","slug":"caminhoneiro-sofre-assalto-em-patio-de-posto-de-combustiveis-em-antonio-olinto","status":"publish","type":"post","link":"https:\/\/radiostudiow.com.br\/site\/2021\/06\/11\/caminhoneiro-sofre-assalto-em-patio-de-posto-de-combustiveis-em-antonio-olinto\/","title":{"rendered":"CAMINHONEIRO SOFRE ASSALTO EM P\u00c1TIO DE POSTO DE COMBUST\u00cdVEIS EM ANT\u00d4NIO OLINTO"},"content":{"rendered":"\n<p>Um caminhoneiro foi assaltado e teve celular e dinheiro roubados, durante a noite desta quinta-feira, 10 de junho, no p\u00e1tio do Posto Cant\u00fa, \u00e0s margens da BR-476, na localidade de \u00c1gua Amarela de Baixo, em Ant\u00f4nio Olinto.<\/p>\n\n\n\n<p>O motorista disse \u00e0 Pol\u00edcia Militar, que estava dormindo na cabine do caminh\u00e3o e o ajudante no ba\u00fa, quando foi acordado com batidas fortes na porta, com um homem gritando e dizendo ser policial.<\/p>\n\n\n\n<p>O autor teria direcionado a luz de uma lanterna nos olhos da v\u00edtima e entrou pela porta direita. Outro suspeito armado com rev\u00f3lver entrou pela porta esquerda e passou a amea\u00e7\u00e1-lo. Um terceiro suspeito ficou do lado de fora do caminh\u00e3o.<\/p>\n\n\n\n<p>Foram levados tr\u00eas celulares e a quantia de R$ 200,00 que o motorista tinha na carteira.<\/p>\n\n\n\n<p>Ao pedirem a chave do caminh\u00e3o, o motorista informou que havia mais uma pessoa no ba\u00fa, momento em que os homens se assustaram e desistiram de levar o ve\u00edculo e fugiram para um matagal.<\/p>\n\n\n\n<p>Foram feitas tentativas de rastreamento dos aparelhos, por\u00e9m a \u00faltima atualiza\u00e7\u00e3o apontou a cidade de Rio Negro, sete horas antes do roubo.<\/p>\n\n\n\n<p>A PM realizou buscas, por\u00e9m ningu\u00e9m foi encontrado. Os autores do roubo eram jovens, estavam com blusa de capuz e m\u00e1scara. O homem que estava armado trajava moletom de cor cinza, cal\u00e7a jeans, moreno, magro e estatura mediana.<\/p>\n\n\n\n<p>A v\u00edtima foi orientada quanto aos procedimentos.<\/p>\n\n\n\n<p><\/p>\n\n\n\n<p>Fonte\/Foto:\u00a0<a href=\"https:\/\/portalrdx.com.br\/\">Portal RDX<\/a><\/p>\n","protected":false},"excerpt":{"rendered":"<p>Um caminhoneiro foi assaltado e teve celular e dinheiro roubados, durante a noite desta quinta-feira, 10 de junho, no p\u00e1tio do Posto Cant\u00fa, \u00e0s margens da BR-476, na localidade de \u00c1gua Amarela de Baixo, em Ant\u00f4nio Olinto. O motorista disse \u00e0 Pol\u00edcia Militar, que estava dormindo na cabine do caminh\u00e3o e o ajudante no ba\u00fa, [&hellip;]<\/p>\n","protected":false},"author":2,"featured_media":2412,"comment_status":"open","ping_status":"open","sticky":false,"template":"","format":"standard","meta":{"footnotes":""},"categories":[2,185],"tags":[172],"class_list":["post-2411","post","type-post","status-publish","format-standard","has-post-thumbnail","hentry","category-policial","category-regional","tag-featured"],"amp_enabled":true,"_links":{"self":[{"href":"https:\/\/radiostudiow.com.br\/site\/wp-json\/wp\/v2\/posts\/2411","targetHints":{"allow":["GET"]}}],"collection":[{"href":"https:\/\/radiostudiow.com.br\/site\/wp-json\/wp\/v2\/posts"}],"about":[{"href":"https:\/\/radiostudiow.com.br\/site\/wp-json\/wp\/v2\/types\/post"}],"author":[{"embeddable":true,"href":"https:\/\/radiostudiow.com.br\/site\/wp-json\/wp\/v2\/users\/2"}],"replies":[{"embeddable":true,"href":"https:\/\/radiostudiow.com.br\/site\/wp-json\/wp\/v2\/comments?post=2411"}],"version-history":[{"count":1,"href":"https:\/\/radiostudiow.com.br\/site\/wp-json\/wp\/v2\/posts\/2411\/revisions"}],"predecessor-version":[{"id":2413,"href":"https:\/\/radiostudiow.com.br\/site\/wp-json\/wp\/v2\/posts\/2411\/revisions\/2413"}],"wp:featuredmedia":[{"embeddable":true,"href":"https:\/\/radiostudiow.com.br\/site\/wp-json\/wp\/v2\/media\/2412"}],"wp:attachment":[{"href":"https:\/\/radiostudiow.com.br\/site\/wp-json\/wp\/v2\/media?parent=2411"}],"wp:term":[{"taxonomy":"category","embeddable":true,"href":"https:\/\/radiostudiow.com.br\/site\/wp-json\/wp\/v2\/categories?post=2411"},{"taxonomy":"post_tag","embeddable":true,"href":"https:\/\/radiostudiow.com.br\/site\/wp-json\/wp\/v2\/tags?post=2411"}],"curies":[{"name":"wp","href":"https:\/\/api.w.org\/{rel}","templated":true}]}}