{"id":24113,"date":"2024-07-01T21:00:17","date_gmt":"2024-07-02T00:00:17","guid":{"rendered":"https:\/\/radiostudiow.com.br\/site\/?p=24113"},"modified":"2025-01-31T14:59:11","modified_gmt":"2025-01-31T17:59:11","slug":"motorista-que-caiu-em-rio-de-paula-freitas-diz-que-outro-veiculo-o-fechou-e-fugiu","status":"publish","type":"post","link":"https:\/\/radiostudiow.com.br\/site\/2024\/07\/01\/motorista-que-caiu-em-rio-de-paula-freitas-diz-que-outro-veiculo-o-fechou-e-fugiu\/","title":{"rendered":"Motorista que caiu em rio de Paula Freitas diz que outro ve\u00edculo o fechou e fugiu"},"content":{"rendered":"\n<p>Um ve\u00edculo VW\/Fox de cor vermelha despencou de uma ponte e caiu no Rio Macacos, interior de Paula Freitas deste domingo, 30 de junho.<\/p>\n\n\n\n<figure class=\"wp-block-image size-full\"><img loading=\"lazy\" decoding=\"async\" width=\"598\" height=\"204\" src=\"https:\/\/radiostudiow.com.br\/site\/wp-content\/uploads\/2024\/04\/image-39.png\" alt=\"\" class=\"wp-image-21311\" srcset=\"https:\/\/radiostudiow.com.br\/site\/wp-content\/uploads\/2024\/04\/image-39.png 598w, https:\/\/radiostudiow.com.br\/site\/wp-content\/uploads\/2024\/04\/image-39-300x102.png 300w\" sizes=\"auto, (max-width: 598px) 100vw, 598px\" \/><\/figure>\n\n\n\n<p>O acidente ocorreu por volta das 17 horas, mas as equipes da Pol\u00edcia Militar e do Corpo de Bombeiros de Uni\u00e3o da Vit\u00f3ria foram acionadoss por volta das 18:20 horas. No local, os socorristas encontraram o carro virado com as rodas para cima dentro do rio.<\/p>\n\n\n\n<p>Dentro do ve\u00edculo estavam um pai e seu filho, um adolescente de 16 anos, residentes em Uni\u00e3o da Vit\u00f3ria que conseguiram sair por conta pr\u00f3pria pelo vidro lateral.<\/p>\n\n\n\n<figure class=\"wp-block-image size-large\"><img loading=\"lazy\" decoding=\"async\" width=\"1024\" height=\"390\" src=\"https:\/\/radiostudiow.com.br\/site\/wp-content\/uploads\/2024\/06\/449383450_900410565459867_7398886830294326458_n-1024x390.png\" alt=\"\" class=\"wp-image-24042\" srcset=\"https:\/\/radiostudiow.com.br\/site\/wp-content\/uploads\/2024\/06\/449383450_900410565459867_7398886830294326458_n-1024x390.png 1024w, https:\/\/radiostudiow.com.br\/site\/wp-content\/uploads\/2024\/06\/449383450_900410565459867_7398886830294326458_n-300x114.png 300w, https:\/\/radiostudiow.com.br\/site\/wp-content\/uploads\/2024\/06\/449383450_900410565459867_7398886830294326458_n-768x292.png 768w, https:\/\/radiostudiow.com.br\/site\/wp-content\/uploads\/2024\/06\/449383450_900410565459867_7398886830294326458_n-1536x584.png 1536w, https:\/\/radiostudiow.com.br\/site\/wp-content\/uploads\/2024\/06\/449383450_900410565459867_7398886830294326458_n-2048x779.png 2048w\" sizes=\"auto, (max-width: 1024px) 100vw, 1024px\" \/><\/figure>\n\n\n\n<p>Eles estavam a caminho de Paula Freitas quando um ve\u00edculo Fiat\/Siena de cor preta fechou o carro, fazendo com que o motorista perdesse o controle e ca\u00edsse no rio, o condutor do Siena n\u00e3o parou prestar socorro.&nbsp;<\/p>\n\n\n\n<p>Felizmente, ambos sa\u00edram ilesos. Eles conseguiram sair do carro pelo vidro, mas o celular molhou e precisaram pedir ajuda em casas pr\u00f3ximas. Ningu\u00e9m testemunhou o acidente.<\/p>\n\n\n\n<figure class=\"wp-block-image size-large\"><img loading=\"lazy\" decoding=\"async\" width=\"1024\" height=\"391\" src=\"https:\/\/radiostudiow.com.br\/site\/wp-content\/uploads\/2024\/07\/09-1024x391.jpg\" alt=\"\" class=\"wp-image-24139\" srcset=\"https:\/\/radiostudiow.com.br\/site\/wp-content\/uploads\/2024\/07\/09-1024x391.jpg 1024w, https:\/\/radiostudiow.com.br\/site\/wp-content\/uploads\/2024\/07\/09-300x115.jpg 300w, https:\/\/radiostudiow.com.br\/site\/wp-content\/uploads\/2024\/07\/09-768x293.jpg 768w, https:\/\/radiostudiow.com.br\/site\/wp-content\/uploads\/2024\/07\/09.jpg 1254w\" sizes=\"auto, (max-width: 1024px) 100vw, 1024px\" \/><\/figure>\n\n\n\n<figure class=\"wp-block-embed is-type-wp-embed is-provider-studio-w wp-block-embed-studio-w\"><div class=\"wp-block-embed__wrapper\">\n<blockquote class=\"wp-embedded-content\" data-secret=\"xa78vWrSRi\"><a href=\"https:\/\/radiostudiow.com.br\/site\/2024\/07\/01\/veiculo-cai-dentre-de-rio-em-paula-freitas\/\">Ve\u00edculo cai dentre de rio em Paula Freitas<\/a><\/blockquote><iframe loading=\"lazy\" class=\"wp-embedded-content\" sandbox=\"allow-scripts\" security=\"restricted\" style=\"position: absolute; clip: rect(1px, 1px, 1px, 1px);\" title=\"&#8220;Ve\u00edculo cai dentre de rio em Paula Freitas&#8221; &#8212; Studio W\" src=\"https:\/\/radiostudiow.com.br\/site\/2024\/07\/01\/veiculo-cai-dentre-de-rio-em-paula-freitas\/embed\/#?secret=HJFvGWwRPC#?secret=xa78vWrSRi\" data-secret=\"xa78vWrSRi\" width=\"600\" height=\"338\" frameborder=\"0\" marginwidth=\"0\" marginheight=\"0\" scrolling=\"no\"><\/iframe>\n<\/div><\/figure>\n","protected":false},"excerpt":{"rendered":"<p>Um ve\u00edculo VW\/Fox de cor vermelha despencou de uma ponte e caiu no Rio Macacos, interior de Paula Freitas deste domingo, 30 de junho. O acidente ocorreu por volta das 17 horas, mas as equipes da Pol\u00edcia Militar e do Corpo de Bombeiros de Uni\u00e3o da Vit\u00f3ria foram acionadoss por volta das 18:20 horas. No [&hellip;]<\/p>\n","protected":false},"author":2,"featured_media":24138,"comment_status":"open","ping_status":"open","sticky":false,"template":"","format":"standard","meta":{"footnotes":""},"categories":[185],"tags":[172],"class_list":["post-24113","post","type-post","status-publish","format-standard","has-post-thumbnail","hentry","category-regional","tag-featured"],"amp_enabled":true,"_links":{"self":[{"href":"https:\/\/radiostudiow.com.br\/site\/wp-json\/wp\/v2\/posts\/24113","targetHints":{"allow":["GET"]}}],"collection":[{"href":"https:\/\/radiostudiow.com.br\/site\/wp-json\/wp\/v2\/posts"}],"about":[{"href":"https:\/\/radiostudiow.com.br\/site\/wp-json\/wp\/v2\/types\/post"}],"author":[{"embeddable":true,"href":"https:\/\/radiostudiow.com.br\/site\/wp-json\/wp\/v2\/users\/2"}],"replies":[{"embeddable":true,"href":"https:\/\/radiostudiow.com.br\/site\/wp-json\/wp\/v2\/comments?post=24113"}],"version-history":[{"count":2,"href":"https:\/\/radiostudiow.com.br\/site\/wp-json\/wp\/v2\/posts\/24113\/revisions"}],"predecessor-version":[{"id":24140,"href":"https:\/\/radiostudiow.com.br\/site\/wp-json\/wp\/v2\/posts\/24113\/revisions\/24140"}],"wp:featuredmedia":[{"embeddable":true,"href":"https:\/\/radiostudiow.com.br\/site\/wp-json\/wp\/v2\/media\/24138"}],"wp:attachment":[{"href":"https:\/\/radiostudiow.com.br\/site\/wp-json\/wp\/v2\/media?parent=24113"}],"wp:term":[{"taxonomy":"category","embeddable":true,"href":"https:\/\/radiostudiow.com.br\/site\/wp-json\/wp\/v2\/categories?post=24113"},{"taxonomy":"post_tag","embeddable":true,"href":"https:\/\/radiostudiow.com.br\/site\/wp-json\/wp\/v2\/tags?post=24113"}],"curies":[{"name":"wp","href":"https:\/\/api.w.org\/{rel}","templated":true}]}}