{"id":24119,"date":"2024-07-01T19:06:00","date_gmt":"2024-07-01T22:06:00","guid":{"rendered":"https:\/\/radiostudiow.com.br\/site\/?p=24119"},"modified":"2025-01-31T14:59:12","modified_gmt":"2025-01-31T17:59:12","slug":"perseguicao-policia-termina-com-acidente-e-vitima-fatal","status":"publish","type":"post","link":"https:\/\/radiostudiow.com.br\/site\/2024\/07\/01\/perseguicao-policia-termina-com-acidente-e-vitima-fatal\/","title":{"rendered":"Persegui\u00e7\u00e3o policia termina com acidente e v\u00edtima fatal"},"content":{"rendered":"\n<p>Na tarde desta segunda-feira, 01\u00b0 de julho, uma persegui\u00e7\u00e3o policial terminou com um acidente de tr\u00e2nsito na BR-280 na regi\u00e3o de Po\u00e7o Preto em Irine\u00f3polis.<\/p>\n\n\n\n<p>Segundo informa\u00e7\u00f5es, durante uma tentativa de abordagem da PM o condutor de um Renault\/Clio n\u00e3o obedeceu a ordem demanda pelas equipes e fugiu.<\/p>\n\n\n\n<figure class=\"wp-block-image size-full\"><img loading=\"lazy\" decoding=\"async\" width=\"1024\" height=\"387\" src=\"https:\/\/radiostudiow.com.br\/site\/wp-content\/uploads\/2024\/04\/image-17.png\" alt=\"\" class=\"wp-image-21206\" srcset=\"https:\/\/radiostudiow.com.br\/site\/wp-content\/uploads\/2024\/04\/image-17.png 1024w, https:\/\/radiostudiow.com.br\/site\/wp-content\/uploads\/2024\/04\/image-17-300x113.png 300w, https:\/\/radiostudiow.com.br\/site\/wp-content\/uploads\/2024\/04\/image-17-768x290.png 768w\" sizes=\"auto, (max-width: 1024px) 100vw, 1024px\" \/><\/figure>\n\n\n\n<p>Durante a fuga o acidente aconteceu e envolveu o ve\u00edculo em fuga, uma viatura da Pol\u00edcia Militar e uma viatura da PRF que prestava apoio na abordagem.<\/p>\n\n\n\n<p>O condutor do ve\u00edculo em fuga morreu.\u00a0Os policias j\u00e1 foram atendidos e encaminhados ao hospital sem les\u00f5es graves.<\/p>\n\n\n\n<figure class=\"wp-block-image size-large\"><img loading=\"lazy\" decoding=\"async\" width=\"1024\" height=\"1024\" src=\"https:\/\/radiostudiow.com.br\/site\/wp-content\/uploads\/2024\/07\/image-1-1024x1024.png\" alt=\"\" class=\"wp-image-24148\" srcset=\"https:\/\/radiostudiow.com.br\/site\/wp-content\/uploads\/2024\/07\/image-1-1024x1024.png 1024w, https:\/\/radiostudiow.com.br\/site\/wp-content\/uploads\/2024\/07\/image-1-300x300.png 300w, https:\/\/radiostudiow.com.br\/site\/wp-content\/uploads\/2024\/07\/image-1-768x768.png 768w, https:\/\/radiostudiow.com.br\/site\/wp-content\/uploads\/2024\/07\/image-1-80x80.png 80w, https:\/\/radiostudiow.com.br\/site\/wp-content\/uploads\/2024\/07\/image-1.png 1080w\" sizes=\"auto, (max-width: 1024px) 100vw, 1024px\" \/><\/figure>\n\n\n\n<p><\/p>\n\n\n\n<p><\/p>\n","protected":false},"excerpt":{"rendered":"<p>Na tarde desta segunda-feira, 01\u00b0 de julho, uma persegui\u00e7\u00e3o policial terminou com um acidente de tr\u00e2nsito na BR-280 na regi\u00e3o de Po\u00e7o Preto em Irine\u00f3polis. Segundo informa\u00e7\u00f5es, durante uma tentativa de abordagem da PM o condutor de um Renault\/Clio n\u00e3o obedeceu a ordem demanda pelas equipes e fugiu. Durante a fuga o acidente aconteceu e [&hellip;]<\/p>\n","protected":false},"author":2,"featured_media":24120,"comment_status":"open","ping_status":"open","sticky":false,"template":"","format":"standard","meta":{"footnotes":""},"categories":[185],"tags":[172],"class_list":["post-24119","post","type-post","status-publish","format-standard","has-post-thumbnail","hentry","category-regional","tag-featured"],"amp_enabled":true,"_links":{"self":[{"href":"https:\/\/radiostudiow.com.br\/site\/wp-json\/wp\/v2\/posts\/24119","targetHints":{"allow":["GET"]}}],"collection":[{"href":"https:\/\/radiostudiow.com.br\/site\/wp-json\/wp\/v2\/posts"}],"about":[{"href":"https:\/\/radiostudiow.com.br\/site\/wp-json\/wp\/v2\/types\/post"}],"author":[{"embeddable":true,"href":"https:\/\/radiostudiow.com.br\/site\/wp-json\/wp\/v2\/users\/2"}],"replies":[{"embeddable":true,"href":"https:\/\/radiostudiow.com.br\/site\/wp-json\/wp\/v2\/comments?post=24119"}],"version-history":[{"count":3,"href":"https:\/\/radiostudiow.com.br\/site\/wp-json\/wp\/v2\/posts\/24119\/revisions"}],"predecessor-version":[{"id":24149,"href":"https:\/\/radiostudiow.com.br\/site\/wp-json\/wp\/v2\/posts\/24119\/revisions\/24149"}],"wp:featuredmedia":[{"embeddable":true,"href":"https:\/\/radiostudiow.com.br\/site\/wp-json\/wp\/v2\/media\/24120"}],"wp:attachment":[{"href":"https:\/\/radiostudiow.com.br\/site\/wp-json\/wp\/v2\/media?parent=24119"}],"wp:term":[{"taxonomy":"category","embeddable":true,"href":"https:\/\/radiostudiow.com.br\/site\/wp-json\/wp\/v2\/categories?post=24119"},{"taxonomy":"post_tag","embeddable":true,"href":"https:\/\/radiostudiow.com.br\/site\/wp-json\/wp\/v2\/tags?post=24119"}],"curies":[{"name":"wp","href":"https:\/\/api.w.org\/{rel}","templated":true}]}}