{"id":24126,"date":"2024-07-01T19:36:55","date_gmt":"2024-07-01T22:36:55","guid":{"rendered":"https:\/\/radiostudiow.com.br\/site\/?p=24126"},"modified":"2025-01-31T14:59:11","modified_gmt":"2025-01-31T17:59:11","slug":"homem-e-preso-por-trafico-de-drogas-em-mallet-com-ele-foram-apreendidos-mais-de-600-reais-e-cocaina","status":"publish","type":"post","link":"https:\/\/radiostudiow.com.br\/site\/2024\/07\/01\/homem-e-preso-por-trafico-de-drogas-em-mallet-com-ele-foram-apreendidos-mais-de-600-reais-e-cocaina\/","title":{"rendered":"Homem \u00e9 preso por tr\u00e1fico de drogas em Mallet, com ele foram apreendidos mais de 600 reais e coca\u00edna"},"content":{"rendered":"\n<p>A equipe da Pol\u00edcia Militar estava realizando patrulhamento de rotina pelo bairro Jardim Em\u00edlia quando avistou dois indiv\u00edduos em atitude suspeita e deu a voz de abordagem, os quais tentaram fugir.<\/p>\n\n\n\n<p>A situa\u00e7\u00e3o foi registrada por volta das 21:30 horas desse s\u00e1bado (29 de junho).<\/p>\n\n\n\n<figure class=\"wp-block-image size-full\"><img loading=\"lazy\" decoding=\"async\" width=\"897\" height=\"204\" src=\"https:\/\/radiostudiow.com.br\/site\/wp-content\/uploads\/2024\/04\/image-38.png\" alt=\"\" class=\"wp-image-21308\" srcset=\"https:\/\/radiostudiow.com.br\/site\/wp-content\/uploads\/2024\/04\/image-38.png 897w, https:\/\/radiostudiow.com.br\/site\/wp-content\/uploads\/2024\/04\/image-38-300x68.png 300w, https:\/\/radiostudiow.com.br\/site\/wp-content\/uploads\/2024\/04\/image-38-768x175.png 768w\" sizes=\"auto, (max-width: 897px) 100vw, 897px\" \/><\/figure>\n\n\n\n<p>Durante a fuga, o indiv\u00edduo arremessou a pequena bolsa na cal\u00e7ada. Os policiais de imediato fizeram o acompanhamento e conseguiu abordar um dos indiv\u00edduos.<\/p>\n\n\n\n<p>Ap\u00f3s realizarem buscas, encontraram em uma bolsa, 6 buchas de subst\u00e2ncia an\u00e1loga \u00e0 coca\u00edna. Al\u00e9m disso, uma quantia de R$657,00.<\/p>\n\n\n\n<figure class=\"wp-block-image size-full\"><img decoding=\"async\" src=\"https:\/\/radiostudiow.com.br\/site\/wp-content\/uploads\/2024\/04\/SITE-MEDIO.png\" alt=\"\" class=\"wp-image-21854\"\/><\/figure>\n\n\n\n<p>Diante dos fatos, o autor foi preso e encaminhado \u00e0 central de flagrantes em Uni\u00e3o da Vit\u00f3ria para os procedimentos de pol\u00edcia judici\u00e1ria.<\/p>\n","protected":false},"excerpt":{"rendered":"<p>A equipe da Pol\u00edcia Militar estava realizando patrulhamento de rotina pelo bairro Jardim Em\u00edlia quando avistou dois indiv\u00edduos em atitude suspeita e deu a voz de abordagem, os quais tentaram fugir. A situa\u00e7\u00e3o foi registrada por volta das 21:30 horas desse s\u00e1bado (29 de junho). Durante a fuga, o indiv\u00edduo arremessou a pequena bolsa na [&hellip;]<\/p>\n","protected":false},"author":2,"featured_media":21204,"comment_status":"open","ping_status":"open","sticky":false,"template":"","format":"standard","meta":{"footnotes":""},"categories":[2],"tags":[172],"class_list":["post-24126","post","type-post","status-publish","format-standard","has-post-thumbnail","hentry","category-policial","tag-featured"],"amp_enabled":true,"_links":{"self":[{"href":"https:\/\/radiostudiow.com.br\/site\/wp-json\/wp\/v2\/posts\/24126","targetHints":{"allow":["GET"]}}],"collection":[{"href":"https:\/\/radiostudiow.com.br\/site\/wp-json\/wp\/v2\/posts"}],"about":[{"href":"https:\/\/radiostudiow.com.br\/site\/wp-json\/wp\/v2\/types\/post"}],"author":[{"embeddable":true,"href":"https:\/\/radiostudiow.com.br\/site\/wp-json\/wp\/v2\/users\/2"}],"replies":[{"embeddable":true,"href":"https:\/\/radiostudiow.com.br\/site\/wp-json\/wp\/v2\/comments?post=24126"}],"version-history":[{"count":4,"href":"https:\/\/radiostudiow.com.br\/site\/wp-json\/wp\/v2\/posts\/24126\/revisions"}],"predecessor-version":[{"id":24137,"href":"https:\/\/radiostudiow.com.br\/site\/wp-json\/wp\/v2\/posts\/24126\/revisions\/24137"}],"wp:featuredmedia":[{"embeddable":true,"href":"https:\/\/radiostudiow.com.br\/site\/wp-json\/wp\/v2\/media\/21204"}],"wp:attachment":[{"href":"https:\/\/radiostudiow.com.br\/site\/wp-json\/wp\/v2\/media?parent=24126"}],"wp:term":[{"taxonomy":"category","embeddable":true,"href":"https:\/\/radiostudiow.com.br\/site\/wp-json\/wp\/v2\/categories?post=24126"},{"taxonomy":"post_tag","embeddable":true,"href":"https:\/\/radiostudiow.com.br\/site\/wp-json\/wp\/v2\/tags?post=24126"}],"curies":[{"name":"wp","href":"https:\/\/api.w.org\/{rel}","templated":true}]}}