{"id":2414,"date":"2021-06-11T17:12:29","date_gmt":"2021-06-11T20:12:29","guid":{"rendered":"https:\/\/radiostudiow.com.br\/site\/?p=2414"},"modified":"2025-01-15T11:48:04","modified_gmt":"2025-01-15T14:48:04","slug":"padre-bogdan-fleituch-morre-aos-85-anos-por-complicacoes-da-covid-19","status":"publish","type":"post","link":"https:\/\/radiostudiow.com.br\/site\/2021\/06\/11\/padre-bogdan-fleituch-morre-aos-85-anos-por-complicacoes-da-covid-19\/","title":{"rendered":"PADRE BOGDAN FLEITUCH MORRE AOS 85 ANOS POR COMPLICA\u00c7\u00d5ES DA COVID-19"},"content":{"rendered":"\n<p>Pe. Bogdan Fleituch Nasceu na Col\u00f4nia Vit\u00f3ria, Munic\u00edpio de Uni\u00e3o da Vit\u00f3ria, no dia 3.2.1936, filho de Pedro e B\u00e1lbina Holooka Fleituch. Foi batizado na Igreja Sagrado Cora\u00e7\u00e3o de Jesus, Rito Latino, em Uni\u00e3o da Vit\u00f3ria e crismado no dia 3.0.1937 na Igreja S\u00e3o Pedro e S\u00e3o Paulo da Col\u00f4nia Barreiros, Uni\u00e3o da Vit\u00f3ria. Nesta localidade, fez a Primeira Comunh\u00e3o no dia 28.1.1945.<\/p>\n\n\n\n<p>Em 1954, ingressou no Semin\u00e1rio Menor de Prudent\u00f3polis, de onde, ap\u00f3s breve estadia, os Padres o encaminharam ao Noviciado em Iva\u00ed, orientando-o a ser irm\u00e3o coadjutor (frade). Mas isso foi feito contra a sua vontade.<\/p>\n\n\n\n<p>Concluindo o Noviciado em 1956, foi enviado a Roma para o cargo de cozinheiro na C\u00faria Geral Basiliana, trabalhando por 4 anos. Voltou ao Brasil por um breve per\u00edodo, sendo enviado de volta a Roma, onde trabalhou por mais 5 anos.<\/p>\n\n\n\n<p>Voltou definitivamente ao Brasil em 1968. Solicitou a possibilidade de estudar, o que lhe foi negado. Foi designado ao trabalho na gr\u00e1fica em Prudent\u00f3polis. Nessa \u00e9poca, decidiu abandonar a Ordem dos Padres Basilianos em 1970.<\/p>\n\n\n\n<p>Morou com a fam\u00edlia por um ano. Saiu para trabalhar no Hospital Maternidade de Uni\u00e3o da Vit\u00f3ria. Trabalhava durante o dia e estudava \u00e0 noite. Os estudos fundamentais ele fez na Col\u00f4nia Barreiros, Uni\u00e3o da Vit\u00f3ria. Entre os anos de 1972 a 1977, fez os estudos ginasiais e human\u00edsticos no Col\u00e9gio Miguel Farah em Porto Uni\u00e3o, Santa Catarina. Sempre com o objetivo de, com a ajuda divina, chegar ao sacerd\u00f3cio.<\/p>\n\n\n\n<p>Em 1981, falou sobre seu prop\u00f3sito com Dom Efraim, que o admitiu no Semin\u00e1rio Maior S\u00e3o Josafat de Curitiba. Matriculando-o para o estudo da Teologia no StudiumTheologicum dos Padres Claretianos de Curitiba, concluindo durante os anos de 1981 e 1984.<\/p>\n\n\n\n<p>Foi ordenado di\u00e1cono no dia 15.4.1984, na Catedral S\u00e3o Jo\u00e3o Batista, Curitiba.<\/p>\n\n\n\n<p>Foi ordenado sacerdote na Igreja S\u00e3o Bas\u00edlio de Uni\u00e3o da Vit\u00f3ria pelo Bispo Dom Efraim Krevey, OSBM no dia 26.8.1984.<\/p>\n\n\n\n<p>Iniciando seu trabalho na cura das almas, em 21.12.1984 foi nomeado Coadjutor da Par\u00f3quia S\u00e3o Bas\u00edlio Magno de Uni\u00e3o da Vit\u00f3ria, atendendo principalmente a Miss\u00e3o Ucra\u00edno-Cat\u00f3lica de Canoinhas \u2013 Santa Catarina.<\/p>\n\n\n\n<p>Em 9.2.1990, foi nomeado P\u00e1roco da Par\u00f3quia Nossa Senhora do Perp\u00e9tuo Socorro de Cascavel.<\/p>\n\n\n\n\n\n<p><strong><em>P\u00e1roco de Dorizon?<\/em><\/strong><\/p>\n\n\n\n<p>Em 15.7.1994, foi nomeado Coadjutor da Par\u00f3quia S\u00e3o Bas\u00edlio Magno de Uni\u00e3o da Vit\u00f3ria.<\/p>\n\n\n\n<p>Em 12.11.1996, foi nomeado P\u00e1roco da Par\u00f3quia Sagrado Cora\u00e7\u00e3o de Jesus em Mallet.<\/p>\n\n\n\n<p>Em 14.2.2000, foi nomeado Coadjutor da Par\u00f3quia Sagrado Cora\u00e7\u00e3o de Jesus e Diretor Espiritual do Semin\u00e1rio S\u00e3o Josafat, em Mallet.<\/p>\n\n\n\n<p>Em 28.2.2001, foi nomeado P\u00e1roco da par\u00f3quia S\u00e3o Jos\u00e9 de Dorizon.<\/p>\n\n\n\n<p>Em 6.11.2002, foi nomeado Coadjutor da Par\u00f3quia Sagrado Cora\u00e7\u00e3o de Jesus, em Mallet; tamb\u00e9m confessor dos seminaristas.<\/p>\n\n\n\n<p>A partir de 31.8.2004, devido aos problemas de sa\u00fade, foi morar com sua m\u00e3e em Uni\u00e3o da Vit\u00f3ria, exercendo, o quanto poss\u00edvel, as fun\u00e7\u00f5es pastorais junto \u00e0 Par\u00f3quia S\u00e3o Bas\u00edlio Magno.<\/p>\n\n\n\n<p>Em 17.3.2008, foi nomeado Coadjutor da Par\u00f3quia S\u00e3o Bas\u00edlio Magno, exercendo as fun\u00e7\u00f5es sacerdotais na medida de suas possibilidades pessoais, devido ao estado de sa\u00fade. ( Fonte: site da Metropolia).<\/p>\n\n\n\n<p>Ultimamente residia na Casa de Nazar\u00e9 em Uni\u00e3o da Vit\u00f3ria, vindo a falecer hoje ( 85 anos por complica\u00e7\u00f5es da Covid), na Festa do Sagrado Cora\u00e7\u00e3o de Jesus.<\/p>\n\n\n\n<p>Deus o receba na eternidade, foi um padre muito humilde e zeloso.<\/p>\n\n\n\n<p><em>Fonte\/Foto\/Texto: Pe. Ricardo Mazurek Ternovski<\/em><\/p>\n\n\n\n<figure class=\"wp-block-image size-large\"><img decoding=\"async\" src=\"https:\/\/radiostudiow.com.br\/site\/wp-content\/uploads\/2021\/02\/vem_ai.jpg\" alt=\"\" class=\"wp-image-667\"\/><\/figure>\n","protected":false},"excerpt":{"rendered":"<p>Pe. Bogdan Fleituch Nasceu na Col\u00f4nia Vit\u00f3ria, Munic\u00edpio de Uni\u00e3o da Vit\u00f3ria, no dia 3.2.1936, filho de Pedro e B\u00e1lbina Holooka Fleituch. Foi batizado na Igreja Sagrado Cora\u00e7\u00e3o de Jesus, Rito Latino, em Uni\u00e3o da Vit\u00f3ria e crismado no dia 3.0.1937 na Igreja S\u00e3o Pedro e S\u00e3o Paulo da Col\u00f4nia Barreiros, Uni\u00e3o da Vit\u00f3ria. Nesta [&hellip;]<\/p>\n","protected":false},"author":2,"featured_media":2417,"comment_status":"open","ping_status":"open","sticky":false,"template":"","format":"standard","meta":{"footnotes":""},"categories":[7],"tags":[172],"class_list":["post-2414","post","type-post","status-publish","format-standard","has-post-thumbnail","hentry","category-geral","tag-featured"],"amp_enabled":true,"_links":{"self":[{"href":"https:\/\/radiostudiow.com.br\/site\/wp-json\/wp\/v2\/posts\/2414","targetHints":{"allow":["GET"]}}],"collection":[{"href":"https:\/\/radiostudiow.com.br\/site\/wp-json\/wp\/v2\/posts"}],"about":[{"href":"https:\/\/radiostudiow.com.br\/site\/wp-json\/wp\/v2\/types\/post"}],"author":[{"embeddable":true,"href":"https:\/\/radiostudiow.com.br\/site\/wp-json\/wp\/v2\/users\/2"}],"replies":[{"embeddable":true,"href":"https:\/\/radiostudiow.com.br\/site\/wp-json\/wp\/v2\/comments?post=2414"}],"version-history":[{"count":1,"href":"https:\/\/radiostudiow.com.br\/site\/wp-json\/wp\/v2\/posts\/2414\/revisions"}],"predecessor-version":[{"id":2416,"href":"https:\/\/radiostudiow.com.br\/site\/wp-json\/wp\/v2\/posts\/2414\/revisions\/2416"}],"wp:featuredmedia":[{"embeddable":true,"href":"https:\/\/radiostudiow.com.br\/site\/wp-json\/wp\/v2\/media\/2417"}],"wp:attachment":[{"href":"https:\/\/radiostudiow.com.br\/site\/wp-json\/wp\/v2\/media?parent=2414"}],"wp:term":[{"taxonomy":"category","embeddable":true,"href":"https:\/\/radiostudiow.com.br\/site\/wp-json\/wp\/v2\/categories?post=2414"},{"taxonomy":"post_tag","embeddable":true,"href":"https:\/\/radiostudiow.com.br\/site\/wp-json\/wp\/v2\/tags?post=2414"}],"curies":[{"name":"wp","href":"https:\/\/api.w.org\/{rel}","templated":true}]}}