{"id":24143,"date":"2024-07-01T21:14:49","date_gmt":"2024-07-02T00:14:49","guid":{"rendered":"https:\/\/radiostudiow.com.br\/site\/?p=24143"},"modified":"2025-01-31T14:59:11","modified_gmt":"2025-01-31T17:59:11","slug":"homem-e-preso-por-dirigir-embriagado-em-mallet","status":"publish","type":"post","link":"https:\/\/radiostudiow.com.br\/site\/2024\/07\/01\/homem-e-preso-por-dirigir-embriagado-em-mallet\/","title":{"rendered":"Homem \u00e9 preso por dirigir embriagado em Mallet"},"content":{"rendered":"\n<p>Durante patrulhamento da equipe da Pol\u00edcia Militar por volta das 16:12 horas desse domingo, 30 de junho, pela rua XV de novembro, \u00e1rea central de Mallet foi avistado um ve\u00edculo VW Gol rebaixado raspando na via.<\/p>\n\n\n\n<figure class=\"wp-block-image size-full\"><img loading=\"lazy\" decoding=\"async\" width=\"897\" height=\"204\" src=\"https:\/\/radiostudiow.com.br\/site\/wp-content\/uploads\/2024\/04\/image-50.png\" alt=\"\" class=\"wp-image-21368\" srcset=\"https:\/\/radiostudiow.com.br\/site\/wp-content\/uploads\/2024\/04\/image-50.png 897w, https:\/\/radiostudiow.com.br\/site\/wp-content\/uploads\/2024\/04\/image-50-300x68.png 300w, https:\/\/radiostudiow.com.br\/site\/wp-content\/uploads\/2024\/04\/image-50-768x175.png 768w\" sizes=\"auto, (max-width: 897px) 100vw, 897px\" \/><\/figure>\n\n\n\n<p>A equipe realizou abordagem ao ve\u00edculo e verificado que o condutor estava alterado e agitado, oferecido teste de etil\u00f4metro ao condutor, onde apresentou o valor de 0,43 mg\/l.<\/p>\n\n\n\n<p>Diante dos fatos, da raz\u00e3o da influ\u00eancia de \u00e1lcool ou de outra subst\u00e2ncia psicoativa que determine depend\u00eancia a equipe recolheu o ve\u00edculo e conduziu o autor at\u00e9 a delegacia de pol\u00edcia para providencias.<\/p>\n\n\n\n<figure class=\"wp-block-image size-full\"><img decoding=\"async\" src=\"https:\/\/radiostudiow.com.br\/site\/wp-content\/uploads\/2024\/04\/image-55.png\" alt=\"\" class=\"wp-image-21389\"\/><\/figure>\n","protected":false},"excerpt":{"rendered":"<p>Durante patrulhamento da equipe da Pol\u00edcia Militar por volta das 16:12 horas desse domingo, 30 de junho, pela rua XV de novembro, \u00e1rea central de Mallet foi avistado um ve\u00edculo VW Gol rebaixado raspando na via. A equipe realizou abordagem ao ve\u00edculo e verificado que o condutor estava alterado e agitado, oferecido teste de etil\u00f4metro [&hellip;]<\/p>\n","protected":false},"author":2,"featured_media":24144,"comment_status":"open","ping_status":"open","sticky":false,"template":"","format":"standard","meta":{"footnotes":""},"categories":[2],"tags":[172],"class_list":["post-24143","post","type-post","status-publish","format-standard","has-post-thumbnail","hentry","category-policial","tag-featured"],"amp_enabled":true,"_links":{"self":[{"href":"https:\/\/radiostudiow.com.br\/site\/wp-json\/wp\/v2\/posts\/24143","targetHints":{"allow":["GET"]}}],"collection":[{"href":"https:\/\/radiostudiow.com.br\/site\/wp-json\/wp\/v2\/posts"}],"about":[{"href":"https:\/\/radiostudiow.com.br\/site\/wp-json\/wp\/v2\/types\/post"}],"author":[{"embeddable":true,"href":"https:\/\/radiostudiow.com.br\/site\/wp-json\/wp\/v2\/users\/2"}],"replies":[{"embeddable":true,"href":"https:\/\/radiostudiow.com.br\/site\/wp-json\/wp\/v2\/comments?post=24143"}],"version-history":[{"count":2,"href":"https:\/\/radiostudiow.com.br\/site\/wp-json\/wp\/v2\/posts\/24143\/revisions"}],"predecessor-version":[{"id":24158,"href":"https:\/\/radiostudiow.com.br\/site\/wp-json\/wp\/v2\/posts\/24143\/revisions\/24158"}],"wp:featuredmedia":[{"embeddable":true,"href":"https:\/\/radiostudiow.com.br\/site\/wp-json\/wp\/v2\/media\/24144"}],"wp:attachment":[{"href":"https:\/\/radiostudiow.com.br\/site\/wp-json\/wp\/v2\/media?parent=24143"}],"wp:term":[{"taxonomy":"category","embeddable":true,"href":"https:\/\/radiostudiow.com.br\/site\/wp-json\/wp\/v2\/categories?post=24143"},{"taxonomy":"post_tag","embeddable":true,"href":"https:\/\/radiostudiow.com.br\/site\/wp-json\/wp\/v2\/tags?post=24143"}],"curies":[{"name":"wp","href":"https:\/\/api.w.org\/{rel}","templated":true}]}}