{"id":24165,"date":"2024-07-02T21:08:30","date_gmt":"2024-07-03T00:08:30","guid":{"rendered":"https:\/\/radiostudiow.com.br\/site\/?p=24165"},"modified":"2025-01-31T14:59:11","modified_gmt":"2025-01-31T17:59:11","slug":"pcpr-com-apoio-da-pmpr-deflagra-operacao-contra-ataque-em-irati","status":"publish","type":"post","link":"https:\/\/radiostudiow.com.br\/site\/2024\/07\/02\/pcpr-com-apoio-da-pmpr-deflagra-operacao-contra-ataque-em-irati\/","title":{"rendered":"PCPR com apoio da PMPR deflagra \u201cOpera\u00e7\u00e3o Contra-Ataque\u201d em Irati"},"content":{"rendered":"\n<p>No dia 20 de mar\u00e7o de 2024, dois indiv\u00edduos que fugiam da Pol\u00edcia Militar ap\u00f3s tentar cobrar uma d\u00edvida armados com arma de fogo, atiraram contra os policiais para se evadir da abordagem, um conseguindo fugir na ocasi\u00e3o, tendo sido abordado outro indiv\u00edduo que, na \u00e9poca, era ainda menor de idade.<\/p>\n\n\n\n<p>Ap\u00f3s o encaminhamento da ocorr\u00eancia a Pol\u00edcia Civil, foi instaurado Inqu\u00e9rito Policial para a devida apura\u00e7\u00e3o dos fatos. Identificado o autor dos disparos, o Delegado de Pol\u00edcia respons\u00e1vel pela investiga\u00e7\u00e3o representou pela pris\u00e3o preventiva do indiv\u00edduo e pela busca e apreens\u00e3o, em seu desfavor, a fim de localizar a arma de fogo utilizada.<\/p>\n\n\n\n<p>Acolhida a representa\u00e7\u00e3o pelo Poder Judici\u00e1rio e expedidos os respectivos mandados, equipes da Pol\u00edcia Civil e da Pol\u00edcia Militar de Irati passaram a realizar levantamentos, a fim de operacionalizar o melhor momento de realizar a a\u00e7\u00e3o.<\/p>\n\n\n\n<figure class=\"wp-block-image size-large\"><img loading=\"lazy\" decoding=\"async\" width=\"1024\" height=\"390\" src=\"https:\/\/radiostudiow.com.br\/site\/wp-content\/uploads\/2024\/06\/449383450_900410565459867_7398886830294326458_n-1024x390.png\" alt=\"\" class=\"wp-image-24042\" srcset=\"https:\/\/radiostudiow.com.br\/site\/wp-content\/uploads\/2024\/06\/449383450_900410565459867_7398886830294326458_n-1024x390.png 1024w, https:\/\/radiostudiow.com.br\/site\/wp-content\/uploads\/2024\/06\/449383450_900410565459867_7398886830294326458_n-300x114.png 300w, https:\/\/radiostudiow.com.br\/site\/wp-content\/uploads\/2024\/06\/449383450_900410565459867_7398886830294326458_n-768x292.png 768w, https:\/\/radiostudiow.com.br\/site\/wp-content\/uploads\/2024\/06\/449383450_900410565459867_7398886830294326458_n-1536x584.png 1536w, https:\/\/radiostudiow.com.br\/site\/wp-content\/uploads\/2024\/06\/449383450_900410565459867_7398886830294326458_n-2048x779.png 2048w\" sizes=\"auto, (max-width: 1024px) 100vw, 1024px\" \/><\/figure>\n\n\n\n<p>Na tarde desta segunda-feira (01), as equipes realizaram o monitoramento em um dos endere\u00e7os e, ao avistarem a chegado do suspeito, realizaram a abordagem e deram voz de pris\u00e3o, dando cumprimento ao mandado de pris\u00e3o preventiva.<\/p>\n\n\n\n<p>Na ocasi\u00e3o, com o indiv\u00edduo foram encontrados petrechos, R$ 8.500,00 em dinheiro e apostas que demonstraram que este explorava o \u201cJogo do Bicho\u201d, o que resultou, al\u00e9m da pris\u00e3o, a instaura\u00e7\u00e3o de Termo Circunstanciado de Infra\u00e7\u00e3o Penal em seu desfavor.<\/p>\n\n\n\n<figure class=\"wp-block-image size-full is-resized\"><img loading=\"lazy\" decoding=\"async\" width=\"1024\" height=\"768\" src=\"https:\/\/radiostudiow.com.br\/site\/wp-content\/uploads\/2024\/07\/04.jpeg\" alt=\"\" class=\"wp-image-24179\" style=\"width:388px;height:auto\" srcset=\"https:\/\/radiostudiow.com.br\/site\/wp-content\/uploads\/2024\/07\/04.jpeg 1024w, https:\/\/radiostudiow.com.br\/site\/wp-content\/uploads\/2024\/07\/04-300x225.jpeg 300w, https:\/\/radiostudiow.com.br\/site\/wp-content\/uploads\/2024\/07\/04-768x576.jpeg 768w\" sizes=\"auto, (max-width: 1024px) 100vw, 1024px\" \/><\/figure>\n\n\n\n<p>De posse do mandado de busca e apreens\u00e3o para o endere\u00e7o onde foi localizado o investigado, resid\u00eancia que pertenceria a seu irm\u00e3o, a equipe da Pol\u00edcia Civil procedeu \u00e0s buscas, devidamente acompanhada do propriet\u00e1rio da resid\u00eancia, encontrando o rev\u00f3lver calibre .38 utilizado, sem o devido registro.<\/p>\n\n\n\n<p>Diante disso, foi dada voz de pris\u00e3o ao propriet\u00e1rio da resid\u00eancia e irm\u00e3o do suspeito preso, pelo crime de posse irregular de arma de fogo de uso permitido, o qual foi conduzido \u00e0 Delegacia de Pol\u00edcia Civil de Irati e autuado pela Autoridade Policial pelo delito mencionado.<\/p>\n","protected":false},"excerpt":{"rendered":"<p>No dia 20 de mar\u00e7o de 2024, dois indiv\u00edduos que fugiam da Pol\u00edcia Militar ap\u00f3s tentar cobrar uma d\u00edvida armados com arma de fogo, atiraram contra os policiais para se evadir da abordagem, um conseguindo fugir na ocasi\u00e3o, tendo sido abordado outro indiv\u00edduo que, na \u00e9poca, era ainda menor de idade. Ap\u00f3s o encaminhamento da [&hellip;]<\/p>\n","protected":false},"author":2,"featured_media":24180,"comment_status":"open","ping_status":"open","sticky":false,"template":"","format":"standard","meta":{"footnotes":""},"categories":[2],"tags":[172],"class_list":["post-24165","post","type-post","status-publish","format-standard","has-post-thumbnail","hentry","category-policial","tag-featured"],"amp_enabled":true,"_links":{"self":[{"href":"https:\/\/radiostudiow.com.br\/site\/wp-json\/wp\/v2\/posts\/24165","targetHints":{"allow":["GET"]}}],"collection":[{"href":"https:\/\/radiostudiow.com.br\/site\/wp-json\/wp\/v2\/posts"}],"about":[{"href":"https:\/\/radiostudiow.com.br\/site\/wp-json\/wp\/v2\/types\/post"}],"author":[{"embeddable":true,"href":"https:\/\/radiostudiow.com.br\/site\/wp-json\/wp\/v2\/users\/2"}],"replies":[{"embeddable":true,"href":"https:\/\/radiostudiow.com.br\/site\/wp-json\/wp\/v2\/comments?post=24165"}],"version-history":[{"count":3,"href":"https:\/\/radiostudiow.com.br\/site\/wp-json\/wp\/v2\/posts\/24165\/revisions"}],"predecessor-version":[{"id":24181,"href":"https:\/\/radiostudiow.com.br\/site\/wp-json\/wp\/v2\/posts\/24165\/revisions\/24181"}],"wp:featuredmedia":[{"embeddable":true,"href":"https:\/\/radiostudiow.com.br\/site\/wp-json\/wp\/v2\/media\/24180"}],"wp:attachment":[{"href":"https:\/\/radiostudiow.com.br\/site\/wp-json\/wp\/v2\/media?parent=24165"}],"wp:term":[{"taxonomy":"category","embeddable":true,"href":"https:\/\/radiostudiow.com.br\/site\/wp-json\/wp\/v2\/categories?post=24165"},{"taxonomy":"post_tag","embeddable":true,"href":"https:\/\/radiostudiow.com.br\/site\/wp-json\/wp\/v2\/tags?post=24165"}],"curies":[{"name":"wp","href":"https:\/\/api.w.org\/{rel}","templated":true}]}}