{"id":24172,"date":"2024-07-02T21:13:32","date_gmt":"2024-07-03T00:13:32","guid":{"rendered":"https:\/\/radiostudiow.com.br\/site\/?p=24172"},"modified":"2025-01-31T14:59:11","modified_gmt":"2025-01-31T17:59:11","slug":"pm-de-uniao-da-vitoria-aborda-carro-e-apreende-revolver-com-cinco-municoes","status":"publish","type":"post","link":"https:\/\/radiostudiow.com.br\/site\/2024\/07\/02\/pm-de-uniao-da-vitoria-aborda-carro-e-apreende-revolver-com-cinco-municoes\/","title":{"rendered":"PM de Uni\u00e3o da Vit\u00f3ria aborda carro e apreende rev\u00f3lver com cinco muni\u00e7\u00f5es"},"content":{"rendered":"\n<p>A equipe da Pol\u00edcia Militar de Uni\u00e3o da Vit\u00f3ria apreendeu uma arma de fogo durante uma abordagem realizada por volta das 15:40 horas dessa segunda-feira (01\u00b0 de julho).<\/p>\n\n\n\n<figure class=\"wp-block-image size-full\"><img loading=\"lazy\" decoding=\"async\" width=\"590\" height=\"204\" src=\"https:\/\/radiostudiow.com.br\/site\/wp-content\/uploads\/2024\/04\/image-27.png\" alt=\"\" class=\"wp-image-21280\" srcset=\"https:\/\/radiostudiow.com.br\/site\/wp-content\/uploads\/2024\/04\/image-27.png 590w, https:\/\/radiostudiow.com.br\/site\/wp-content\/uploads\/2024\/04\/image-27-300x104.png 300w\" sizes=\"auto, (max-width: 590px) 100vw, 590px\" \/><\/figure>\n\n\n\n<p>Segundo informa\u00e7\u00f5es, a ocorr\u00eancia foi registrada na Avenida Paula Freitas, no bairro S\u00e3o Sebasti\u00e3o no Distrito de S\u00e3o Crist\u00f3v\u00e3o. A Pol\u00edcia realizava patrulhamento quando abordou um ve\u00edculo que estava em atitude suspeita.<\/p>\n\n\n\n<p>No carro, a Pol\u00edcia encontrou durante a revista um rev\u00f3lver calibre 38 que estava municiado com cinco muni\u00e7\u00f5es. A arma foi apreendida e entregue na delegacia. Dois homens que estavam no carro foram detidos.<\/p>\n\n\n\n<p><a href=\"https:\/\/web.whatsapp.com\/send?text=Pol%C3%ADcia%20aborda%20carro%20e%20apreende%20rev%C3%B3lver%20com%20cinco%20muni%C3%A7%C3%B5es%20%E2%98%9B%20https%3A%2F%2Fcanal4.tv.br%2F2024%2F07%2F02%2Fpolicia-aborda-carro-e-apreende-revolver-com-cinco-municoes%2F%3Ffbclid%3DIwZXh0bgNhZW0CMTEAAR0eWJYEiFmF0W7-IG-wcxkMu3nDKJIkuY_jAU7RXjoJGD7GNflWDAiQCKs_aem_nw33X5JUk9KOeQuEt_m_qA\" target=\"_blank\" rel=\"noreferrer noopener\"><\/a><\/p>\n","protected":false},"excerpt":{"rendered":"<p>A equipe da Pol\u00edcia Militar de Uni\u00e3o da Vit\u00f3ria apreendeu uma arma de fogo durante uma abordagem realizada por volta das 15:40 horas dessa segunda-feira (01\u00b0 de julho). Segundo informa\u00e7\u00f5es, a ocorr\u00eancia foi registrada na Avenida Paula Freitas, no bairro S\u00e3o Sebasti\u00e3o no Distrito de S\u00e3o Crist\u00f3v\u00e3o. A Pol\u00edcia realizava patrulhamento quando abordou um ve\u00edculo [&hellip;]<\/p>\n","protected":false},"author":2,"featured_media":24186,"comment_status":"open","ping_status":"open","sticky":false,"template":"","format":"standard","meta":{"footnotes":""},"categories":[2],"tags":[172],"class_list":["post-24172","post","type-post","status-publish","format-standard","has-post-thumbnail","hentry","category-policial","tag-featured"],"amp_enabled":true,"_links":{"self":[{"href":"https:\/\/radiostudiow.com.br\/site\/wp-json\/wp\/v2\/posts\/24172","targetHints":{"allow":["GET"]}}],"collection":[{"href":"https:\/\/radiostudiow.com.br\/site\/wp-json\/wp\/v2\/posts"}],"about":[{"href":"https:\/\/radiostudiow.com.br\/site\/wp-json\/wp\/v2\/types\/post"}],"author":[{"embeddable":true,"href":"https:\/\/radiostudiow.com.br\/site\/wp-json\/wp\/v2\/users\/2"}],"replies":[{"embeddable":true,"href":"https:\/\/radiostudiow.com.br\/site\/wp-json\/wp\/v2\/comments?post=24172"}],"version-history":[{"count":2,"href":"https:\/\/radiostudiow.com.br\/site\/wp-json\/wp\/v2\/posts\/24172\/revisions"}],"predecessor-version":[{"id":24187,"href":"https:\/\/radiostudiow.com.br\/site\/wp-json\/wp\/v2\/posts\/24172\/revisions\/24187"}],"wp:featuredmedia":[{"embeddable":true,"href":"https:\/\/radiostudiow.com.br\/site\/wp-json\/wp\/v2\/media\/24186"}],"wp:attachment":[{"href":"https:\/\/radiostudiow.com.br\/site\/wp-json\/wp\/v2\/media?parent=24172"}],"wp:term":[{"taxonomy":"category","embeddable":true,"href":"https:\/\/radiostudiow.com.br\/site\/wp-json\/wp\/v2\/categories?post=24172"},{"taxonomy":"post_tag","embeddable":true,"href":"https:\/\/radiostudiow.com.br\/site\/wp-json\/wp\/v2\/tags?post=24172"}],"curies":[{"name":"wp","href":"https:\/\/api.w.org\/{rel}","templated":true}]}}