{"id":2418,"date":"2021-06-11T18:43:46","date_gmt":"2021-06-11T21:43:46","guid":{"rendered":"https:\/\/radiostudiow.com.br\/site\/?p=2418"},"modified":"2025-01-15T11:48:06","modified_gmt":"2025-01-15T14:48:06","slug":"morre-dom-walter-bispo-emerito-de-uniao-da-vitoria","status":"publish","type":"post","link":"https:\/\/radiostudiow.com.br\/site\/2021\/06\/11\/morre-dom-walter-bispo-emerito-de-uniao-da-vitoria\/","title":{"rendered":"MORRE DOM WALTER, BISPO EM\u00c9RITO DE UNI\u00c3O DA VIT\u00d3RIA"},"content":{"rendered":"\n<p>Faleceu nesta tarde, 11, aos 91 anos, o bispo em\u00e9rito da Diocese de Uni\u00e3o da Vit\u00f3ria, Dom Walter Michael Ebejer. Curiosamente, ele faleceu justamente na data em que o Padroeiro da cidade, o Sagrado Cora\u00e7\u00e3o de Jesus, \u00e9 lembrado, nome que batiza a Catedral, onde o religioso foi o primeiro a ocupar a cadeira de bispo. Dom Walter passou mal na madrugada e estava hospitalizado na APMI.<\/p>\n\n\n\n<p>O religioso, natural da ilha de Malta, dedicou praticamente a vida toda \u00e0 igreja Cat\u00f3lica. Em entrevista \u00e0 rep\u00f3rter Mariana Honesko em agosto de 2019, ele contou um pouco mais de sua vida, inf\u00e2ncia, adolesc\u00eancia e o chamado sacerdotal. \u201c<em>Eu ouvia o chamado. Tentava tirar da cabe\u00e7a. Mas eu ouvia uma voz que dizia: \u2018voc\u00ea vai ser padre<\/em>\u2019.\u00a0<em>N\u00e3o era uma voz humana, mas eu ouvia t\u00e3o forte que nem estudar eu conseguia. Quando depois eu encontrei um seminarista, j\u00e1 falecido, disse que eu tinha qualidades para ser padre. Mas eu? A voca\u00e7\u00e3o era t\u00e3o forte, n\u00e3o sei de quem era, eu ouvia. Era o meu chamado<\/em>\u201d.<\/p>\n\n\n\n<p>Walter cresceu, escapuliu das meninas, fugiu dos convites para os bailes e jamais trope\u00e7ou. Em casa, recebeu apoio da fam\u00edlia: da m\u00e3e, professora de Matem\u00e1tica; do pai, diretor de escola e dos outros seis irm\u00e3os, todos intelectuais e com uma vida religiosa ampla. Depois da forma\u00e7\u00e3o sacerdotal, Dom Walter recebeu o Brasil como miss\u00e3o. \u201c<em>N\u00e3o sou casado, ent\u00e3o, Malta \u00e9 minha m\u00e3e e o Brasil, minha esposa<\/em>\u201d, definiu na entrevista, como poeta. Na sua \u00faltima viagem para a terra natal, em agosto de 2018, ele se despediu do arquip\u00e9lago, da sua cidade, de tudo o que viveu por l\u00e1. \u201c<em>Temos templos l\u00e1 de muito antes de Cristo. E n\u00e3o um: uma d\u00fazia. \u00c9 uma esp\u00e9cie de ilha sagrada. Fui com o padre Silvano (p\u00e1roco da Catedral). Levei ele l\u00e1, mostrei o que temos<\/em>\u201d, contou.<\/p>\n\n\n\n<figure class=\"wp-block-image size-large\"><img decoding=\"async\" src=\"https:\/\/radiostudiow.com.br\/site\/wp-content\/uploads\/2021\/06\/Sem-titulofdsfdsgsdghwergrewgrg.jpg\" alt=\"\" class=\"wp-image-2419\"\/><\/figure>\n\n\n\n<figure class=\"wp-block-image size-large\"><img decoding=\"async\" src=\"https:\/\/radiostudiow.com.br\/site\/wp-content\/uploads\/2021\/02\/WRNET-1.jpg\" alt=\"\" class=\"wp-image-683\"\/><\/figure>\n\n\n\n<p>Dom Walter foi cofundador da Academia de Letras do Vale do Igua\u00e7u (Alvi), autor de v\u00e1rias obras (inclusive em ingl\u00eas) e foi nomeado bispo no dia da instala\u00e7\u00e3o da diocese de Uni\u00e3o da Vit\u00f3ria. Neste ano, o religioso completaria 74 anos de profiss\u00e3o religiosa.<\/p>\n\n\n\n<p>Ao olhar para tr\u00e1s, o religioso garante que viveu plenamente. Sem arrependimentos, afirmou para a jornalista, ter feito tudo o que foi poss\u00edvel. \u201c<em>Eu era danado. Trepava em \u00e1rvores, me machucava, brigava com as outras crian\u00e7as e j\u00e1 resolvia. Coisas normais. Vivi uma vida muito alegre. Ia atr\u00e1s de bola. Andava muito de patins. Gostava demais. Eu ficava com os patins o dia todo. S\u00f3 tirava para ir \u00e0 missa e j\u00e1 colava de volta. Almo\u00e7ava com os patins. Tomava caf\u00e9 com eles. N\u00e3o s\u00f3 isso: eu subia degraus de uns 17 cent\u00edmetros com os patins. Subia e descia, sem me segurar. Nunca cai<\/em>\u201d, risos. \u201c<em>Eu gostava de tomar riscos. Arrisquei muito na vida<\/em>\u201d.<\/p>\n\n\n\n<p>Amigos pr\u00f3ximos contaram ao Canal4 que o religioso tinha como costume sempre rezar para ter uma boa morte. Parece que a prece foi acolhida.<\/p>\n\n\n\n<p><strong><em>BISPO EM\u00c9RITO<\/em><br>\u00c9 o nome que se d\u00e1 quando o religioso deixa de ser titular. \u00c9 como se o bispo estivesse aposentado, embora possa desempenhar algumas atividades na comunidade. Dom Walter era em\u00e9rito h\u00e1 mais de uma d\u00e9cada.<\/strong><\/p>\n\n\n\n<figure class=\"wp-block-image size-large\"><img decoding=\"async\" src=\"https:\/\/radiostudiow.com.br\/site\/wp-content\/uploads\/2021\/02\/SICREDI.jpg\" alt=\"\" class=\"wp-image-682\"\/><\/figure>\n\n\n\n<p><em>Fonte: <a href=\"https:\/\/canal4.tv.br\/\" data-type=\"URL\" data-id=\"https:\/\/canal4.tv.br\/\">Canal 4 TV<\/a> | Fotos: Mariana Honesko<\/em> <\/p>\n","protected":false},"excerpt":{"rendered":"<p>Faleceu nesta tarde, 11, aos 91 anos, o bispo em\u00e9rito da Diocese de Uni\u00e3o da Vit\u00f3ria, Dom Walter Michael Ebejer. Curiosamente, ele faleceu justamente na data em que o Padroeiro da cidade, o Sagrado Cora\u00e7\u00e3o de Jesus, \u00e9 lembrado, nome que batiza a Catedral, onde o religioso foi o primeiro a ocupar a cadeira de [&hellip;]<\/p>\n","protected":false},"author":2,"featured_media":2420,"comment_status":"open","ping_status":"open","sticky":false,"template":"","format":"standard","meta":{"footnotes":""},"categories":[7],"tags":[172],"class_list":["post-2418","post","type-post","status-publish","format-standard","has-post-thumbnail","hentry","category-geral","tag-featured"],"amp_enabled":true,"_links":{"self":[{"href":"https:\/\/radiostudiow.com.br\/site\/wp-json\/wp\/v2\/posts\/2418","targetHints":{"allow":["GET"]}}],"collection":[{"href":"https:\/\/radiostudiow.com.br\/site\/wp-json\/wp\/v2\/posts"}],"about":[{"href":"https:\/\/radiostudiow.com.br\/site\/wp-json\/wp\/v2\/types\/post"}],"author":[{"embeddable":true,"href":"https:\/\/radiostudiow.com.br\/site\/wp-json\/wp\/v2\/users\/2"}],"replies":[{"embeddable":true,"href":"https:\/\/radiostudiow.com.br\/site\/wp-json\/wp\/v2\/comments?post=2418"}],"version-history":[{"count":1,"href":"https:\/\/radiostudiow.com.br\/site\/wp-json\/wp\/v2\/posts\/2418\/revisions"}],"predecessor-version":[{"id":2421,"href":"https:\/\/radiostudiow.com.br\/site\/wp-json\/wp\/v2\/posts\/2418\/revisions\/2421"}],"wp:featuredmedia":[{"embeddable":true,"href":"https:\/\/radiostudiow.com.br\/site\/wp-json\/wp\/v2\/media\/2420"}],"wp:attachment":[{"href":"https:\/\/radiostudiow.com.br\/site\/wp-json\/wp\/v2\/media?parent=2418"}],"wp:term":[{"taxonomy":"category","embeddable":true,"href":"https:\/\/radiostudiow.com.br\/site\/wp-json\/wp\/v2\/categories?post=2418"},{"taxonomy":"post_tag","embeddable":true,"href":"https:\/\/radiostudiow.com.br\/site\/wp-json\/wp\/v2\/tags?post=2418"}],"curies":[{"name":"wp","href":"https:\/\/api.w.org\/{rel}","templated":true}]}}