{"id":24189,"date":"2024-07-02T21:16:03","date_gmt":"2024-07-03T00:16:03","guid":{"rendered":"https:\/\/radiostudiow.com.br\/site\/?p=24189"},"modified":"2025-01-31T14:59:11","modified_gmt":"2025-01-31T17:59:11","slug":"policia-militar-de-porto-vitoria-e-acionada-durante-briga-de-mulheres","status":"publish","type":"post","link":"https:\/\/radiostudiow.com.br\/site\/2024\/07\/02\/policia-militar-de-porto-vitoria-e-acionada-durante-briga-de-mulheres\/","title":{"rendered":"Pol\u00edcia Militar de Porto Vit\u00f3ria \u00e9 acionada durante briga de mulheres"},"content":{"rendered":"\n<p>Uma ocorr\u00eancia de vias de fato foi registrado pela Pol\u00edcia Militar de Porto Vit\u00f3ria por volta ds 13:30 horas dessa segunda-feira, 01\u00b0 de julho, na BR-153 pr\u00f3ximo a regi\u00e3o de Uni\u00e3o da Vit\u00f3ria.<\/p>\n\n\n\n<figure class=\"wp-block-image size-full\"><img loading=\"lazy\" decoding=\"async\" width=\"598\" height=\"204\" src=\"https:\/\/radiostudiow.com.br\/site\/wp-content\/uploads\/2024\/04\/image-29.png\" alt=\"\" class=\"wp-image-21283\" srcset=\"https:\/\/radiostudiow.com.br\/site\/wp-content\/uploads\/2024\/04\/image-29.png 598w, https:\/\/radiostudiow.com.br\/site\/wp-content\/uploads\/2024\/04\/image-29-300x102.png 300w\" sizes=\"auto, (max-width: 598px) 100vw, 598px\" \/><\/figure>\n\n\n\n<p>Conforme informa\u00e7\u00f5es divulgadas para a imprensa, um homem acionou a Pol\u00edcia relatando que sua esposa e uma vizinha possuem desaven\u00e7as e ap\u00f3s mais um desentendimento iniciaram uma briga, na qual o homem teve que intervir.<\/p>\n\n\n\n<p>A Pol\u00edcia Militar deslocou at\u00e9 a situa\u00e7\u00e3o e confeccionou o boletim de ocorr\u00eancias. As mulheres foram encaminhadas para confec\u00e7\u00e3o do Termo Circunstanciado para que sejam tomadas as medidas cab\u00edveis.<\/p>\n","protected":false},"excerpt":{"rendered":"<p>Uma ocorr\u00eancia de vias de fato foi registrado pela Pol\u00edcia Militar de Porto Vit\u00f3ria por volta ds 13:30 horas dessa segunda-feira, 01\u00b0 de julho, na BR-153 pr\u00f3ximo a regi\u00e3o de Uni\u00e3o da Vit\u00f3ria. Conforme informa\u00e7\u00f5es divulgadas para a imprensa, um homem acionou a Pol\u00edcia relatando que sua esposa e uma vizinha possuem desaven\u00e7as e ap\u00f3s [&hellip;]<\/p>\n","protected":false},"author":2,"featured_media":21681,"comment_status":"open","ping_status":"open","sticky":false,"template":"","format":"standard","meta":{"footnotes":""},"categories":[2],"tags":[172],"class_list":["post-24189","post","type-post","status-publish","format-standard","has-post-thumbnail","hentry","category-policial","tag-featured"],"amp_enabled":true,"_links":{"self":[{"href":"https:\/\/radiostudiow.com.br\/site\/wp-json\/wp\/v2\/posts\/24189","targetHints":{"allow":["GET"]}}],"collection":[{"href":"https:\/\/radiostudiow.com.br\/site\/wp-json\/wp\/v2\/posts"}],"about":[{"href":"https:\/\/radiostudiow.com.br\/site\/wp-json\/wp\/v2\/types\/post"}],"author":[{"embeddable":true,"href":"https:\/\/radiostudiow.com.br\/site\/wp-json\/wp\/v2\/users\/2"}],"replies":[{"embeddable":true,"href":"https:\/\/radiostudiow.com.br\/site\/wp-json\/wp\/v2\/comments?post=24189"}],"version-history":[{"count":1,"href":"https:\/\/radiostudiow.com.br\/site\/wp-json\/wp\/v2\/posts\/24189\/revisions"}],"predecessor-version":[{"id":24190,"href":"https:\/\/radiostudiow.com.br\/site\/wp-json\/wp\/v2\/posts\/24189\/revisions\/24190"}],"wp:featuredmedia":[{"embeddable":true,"href":"https:\/\/radiostudiow.com.br\/site\/wp-json\/wp\/v2\/media\/21681"}],"wp:attachment":[{"href":"https:\/\/radiostudiow.com.br\/site\/wp-json\/wp\/v2\/media?parent=24189"}],"wp:term":[{"taxonomy":"category","embeddable":true,"href":"https:\/\/radiostudiow.com.br\/site\/wp-json\/wp\/v2\/categories?post=24189"},{"taxonomy":"post_tag","embeddable":true,"href":"https:\/\/radiostudiow.com.br\/site\/wp-json\/wp\/v2\/tags?post=24189"}],"curies":[{"name":"wp","href":"https:\/\/api.w.org\/{rel}","templated":true}]}}