{"id":24205,"date":"2024-07-03T18:50:00","date_gmt":"2024-07-03T21:50:00","guid":{"rendered":"https:\/\/radiostudiow.com.br\/site\/?p=24205"},"modified":"2025-01-31T14:59:11","modified_gmt":"2025-01-31T17:59:11","slug":"carro-anda-sozinho-e-atinge-loja-no-centro-de-sao-mateus-do-sul-na-manha-de-hoje","status":"publish","type":"post","link":"https:\/\/radiostudiow.com.br\/site\/2024\/07\/03\/carro-anda-sozinho-e-atinge-loja-no-centro-de-sao-mateus-do-sul-na-manha-de-hoje\/","title":{"rendered":"Carro \u201canda sozinho\u201d e atinge loja no Centro de S\u00e3o Mateus do Sul, na manh\u00e3 de hoje"},"content":{"rendered":"\n<figure class=\"wp-block-image size-large\"><img loading=\"lazy\" decoding=\"async\" width=\"1024\" height=\"390\" src=\"https:\/\/radiostudiow.com.br\/site\/wp-content\/uploads\/2024\/06\/449383450_900410565459867_7398886830294326458_n-1024x390.png\" alt=\"\" class=\"wp-image-24042\" srcset=\"https:\/\/radiostudiow.com.br\/site\/wp-content\/uploads\/2024\/06\/449383450_900410565459867_7398886830294326458_n-1024x390.png 1024w, https:\/\/radiostudiow.com.br\/site\/wp-content\/uploads\/2024\/06\/449383450_900410565459867_7398886830294326458_n-300x114.png 300w, https:\/\/radiostudiow.com.br\/site\/wp-content\/uploads\/2024\/06\/449383450_900410565459867_7398886830294326458_n-768x292.png 768w, https:\/\/radiostudiow.com.br\/site\/wp-content\/uploads\/2024\/06\/449383450_900410565459867_7398886830294326458_n-1536x584.png 1536w, https:\/\/radiostudiow.com.br\/site\/wp-content\/uploads\/2024\/06\/449383450_900410565459867_7398886830294326458_n-2048x779.png 2048w\" sizes=\"auto, (max-width: 1024px) 100vw, 1024px\" \/><\/figure>\n\n\n\n<p>O incidente aconteceu por volta das 6h desta quarta-feira, na rua Ulisses Faria \u2013 regi\u00e3o central do munic\u00edpio, e danificou os vidros de uma loja e a frente do autom\u00f3vel. Segundo divulgou o portal Samas Sul Lista S\u00e3o Mateus do Sul, o ve\u00edculo teria sido estacionado, mas supostamente sem deixar marcha engatada ou ser feito o acionamento do freio de m\u00e3o.<\/p>\n\n\n\n<p>Disso, o carro se movimentou e desgovernado acabou descendo e atingindo a vidra\u00e7a de uma loja no Centro de S\u00e3o Mateus do Sul. A publica\u00e7\u00e3o menciona o fato do propriet\u00e1rio do ve\u00edculo ter estacionado pr\u00f3ximo a uma academia, em seguida entrando no estabelecimento, mas esquecendo de acionar o freio de m\u00e3o ou deixar o ve\u00edculo com a marcha engatada.<\/p>\n\n\n\n<figure class=\"wp-block-image size-full\"><img loading=\"lazy\" decoding=\"async\" width=\"300\" height=\"180\" src=\"https:\/\/radiostudiow.com.br\/site\/wp-content\/uploads\/2024\/04\/SITE-PEQUENO-1.png\" alt=\"\" class=\"wp-image-21868\"\/><\/figure>\n\n\n\n<p>O autom\u00f3vel acabou por se movimentar, quase atingindo outro ve\u00edculo em deslocamento normal pela rua, depois subiu no meio-fio e atingiu a estrutura de vidros de uma loja. O incidente n\u00e3o feriu ningu\u00e9m, apenas causando danos materiais: a vidra\u00e7a quebrada e a parte da frente do ve\u00edculo. Os envolvidos teriam resolvido a situa\u00e7\u00e3o, logo ap\u00f3s o ocorrido, de acordo com o Samas Sul Lista.<\/p>\n","protected":false},"excerpt":{"rendered":"<p>O incidente aconteceu por volta das 6h desta quarta-feira, na rua Ulisses Faria \u2013 regi\u00e3o central do munic\u00edpio, e danificou os vidros de uma loja e a frente do autom\u00f3vel. Segundo divulgou o portal Samas Sul Lista S\u00e3o Mateus do Sul, o ve\u00edculo teria sido estacionado, mas supostamente sem deixar marcha engatada ou ser feito [&hellip;]<\/p>\n","protected":false},"author":2,"featured_media":24210,"comment_status":"open","ping_status":"open","sticky":false,"template":"","format":"standard","meta":{"footnotes":""},"categories":[185],"tags":[172],"class_list":["post-24205","post","type-post","status-publish","format-standard","has-post-thumbnail","hentry","category-regional","tag-featured"],"amp_enabled":true,"_links":{"self":[{"href":"https:\/\/radiostudiow.com.br\/site\/wp-json\/wp\/v2\/posts\/24205","targetHints":{"allow":["GET"]}}],"collection":[{"href":"https:\/\/radiostudiow.com.br\/site\/wp-json\/wp\/v2\/posts"}],"about":[{"href":"https:\/\/radiostudiow.com.br\/site\/wp-json\/wp\/v2\/types\/post"}],"author":[{"embeddable":true,"href":"https:\/\/radiostudiow.com.br\/site\/wp-json\/wp\/v2\/users\/2"}],"replies":[{"embeddable":true,"href":"https:\/\/radiostudiow.com.br\/site\/wp-json\/wp\/v2\/comments?post=24205"}],"version-history":[{"count":2,"href":"https:\/\/radiostudiow.com.br\/site\/wp-json\/wp\/v2\/posts\/24205\/revisions"}],"predecessor-version":[{"id":24211,"href":"https:\/\/radiostudiow.com.br\/site\/wp-json\/wp\/v2\/posts\/24205\/revisions\/24211"}],"wp:featuredmedia":[{"embeddable":true,"href":"https:\/\/radiostudiow.com.br\/site\/wp-json\/wp\/v2\/media\/24210"}],"wp:attachment":[{"href":"https:\/\/radiostudiow.com.br\/site\/wp-json\/wp\/v2\/media?parent=24205"}],"wp:term":[{"taxonomy":"category","embeddable":true,"href":"https:\/\/radiostudiow.com.br\/site\/wp-json\/wp\/v2\/categories?post=24205"},{"taxonomy":"post_tag","embeddable":true,"href":"https:\/\/radiostudiow.com.br\/site\/wp-json\/wp\/v2\/tags?post=24205"}],"curies":[{"name":"wp","href":"https:\/\/api.w.org\/{rel}","templated":true}]}}