{"id":24212,"date":"2024-07-03T18:52:25","date_gmt":"2024-07-03T21:52:25","guid":{"rendered":"https:\/\/radiostudiow.com.br\/site\/?p=24212"},"modified":"2025-01-31T14:59:11","modified_gmt":"2025-01-31T17:59:11","slug":"veiculo-tomba-apos-colisao-em-uniao-da-vitoria","status":"publish","type":"post","link":"https:\/\/radiostudiow.com.br\/site\/2024\/07\/03\/veiculo-tomba-apos-colisao-em-uniao-da-vitoria\/","title":{"rendered":"Ve\u00edculo tomba ap\u00f3s colis\u00e3o em Uni\u00e3o da Vit\u00f3ria"},"content":{"rendered":"\n<p>As equipes do Corpo de Bombeiros e Pol\u00edcia Militar de Uni\u00e3o da Vit\u00f3ria foram acionadas para atendimento de um acidente de tr\u00e2nsito na Avenida Marechal Deodoro no bairro Rocio, em frente ao moinho por volta das 14 horas desta quarta-feira (03).<\/p>\n\n\n\n<figure class=\"wp-block-image size-full\"><img decoding=\"async\" src=\"https:\/\/radiostudiow.com.br\/site\/wp-content\/uploads\/2024\/04\/image-55.png\" alt=\"\" class=\"wp-image-21389\"\/><\/figure>\n\n\n\n<p>No local, um ve\u00edculo GM Corsa Classic branco com placas de Porto Uni\u00e3o colidiu na traseira de um ve\u00edculo VW Gol branco com placas de Porto Uni\u00e3o e com a colis\u00e3o, o Corsa veio a tombar na via, sendo que populares que ali estavam \u201cdestombaram\u201d o ve\u00edculo.<\/p>\n\n\n\n<p>O condutor do Gol nada sofreu, j\u00e1 o condutor do Corsa sofreu ferimentos leves em uma das m\u00e3os e foi primeiramente conduzido para a UPA para avalia\u00e7\u00e3o m\u00e9dica e posteriormente\u00a0\u00e0\u00a0delegacia.<\/p>\n\n\n\n<figure class=\"wp-block-gallery has-nested-images columns-default is-cropped wp-block-gallery-1 is-layout-flex wp-block-gallery-is-layout-flex\">\n<figure class=\"wp-block-image size-large\"><img loading=\"lazy\" decoding=\"async\" width=\"500\" height=\"300\" data-id=\"24208\" src=\"https:\/\/radiostudiow.com.br\/site\/wp-content\/uploads\/2024\/07\/09.jpeg\" alt=\"\" class=\"wp-image-24208\" srcset=\"https:\/\/radiostudiow.com.br\/site\/wp-content\/uploads\/2024\/07\/09.jpeg 500w, https:\/\/radiostudiow.com.br\/site\/wp-content\/uploads\/2024\/07\/09-300x180.jpeg 300w, https:\/\/radiostudiow.com.br\/site\/wp-content\/uploads\/2024\/07\/09-400x240.jpeg 400w\" sizes=\"auto, (max-width: 500px) 100vw, 500px\" \/><\/figure>\n\n\n\n<figure class=\"wp-block-image size-large\"><img loading=\"lazy\" decoding=\"async\" width=\"660\" height=\"412\" data-id=\"24207\" src=\"https:\/\/radiostudiow.com.br\/site\/wp-content\/uploads\/2024\/07\/08.jpg\" alt=\"\" class=\"wp-image-24207\" srcset=\"https:\/\/radiostudiow.com.br\/site\/wp-content\/uploads\/2024\/07\/08.jpg 660w, https:\/\/radiostudiow.com.br\/site\/wp-content\/uploads\/2024\/07\/08-300x187.jpg 300w\" sizes=\"auto, (max-width: 660px) 100vw, 660px\" \/><\/figure>\n<\/figure>\n","protected":false},"excerpt":{"rendered":"<p>As equipes do Corpo de Bombeiros e Pol\u00edcia Militar de Uni\u00e3o da Vit\u00f3ria foram acionadas para atendimento de um acidente de tr\u00e2nsito na Avenida Marechal Deodoro no bairro Rocio, em frente ao moinho por volta das 14 horas desta quarta-feira (03). No local, um ve\u00edculo GM Corsa Classic branco com placas de Porto Uni\u00e3o colidiu [&hellip;]<\/p>\n","protected":false},"author":2,"featured_media":24206,"comment_status":"open","ping_status":"open","sticky":false,"template":"","format":"standard","meta":{"footnotes":""},"categories":[185],"tags":[172],"class_list":["post-24212","post","type-post","status-publish","format-standard","has-post-thumbnail","hentry","category-regional","tag-featured"],"amp_enabled":true,"_links":{"self":[{"href":"https:\/\/radiostudiow.com.br\/site\/wp-json\/wp\/v2\/posts\/24212","targetHints":{"allow":["GET"]}}],"collection":[{"href":"https:\/\/radiostudiow.com.br\/site\/wp-json\/wp\/v2\/posts"}],"about":[{"href":"https:\/\/radiostudiow.com.br\/site\/wp-json\/wp\/v2\/types\/post"}],"author":[{"embeddable":true,"href":"https:\/\/radiostudiow.com.br\/site\/wp-json\/wp\/v2\/users\/2"}],"replies":[{"embeddable":true,"href":"https:\/\/radiostudiow.com.br\/site\/wp-json\/wp\/v2\/comments?post=24212"}],"version-history":[{"count":1,"href":"https:\/\/radiostudiow.com.br\/site\/wp-json\/wp\/v2\/posts\/24212\/revisions"}],"predecessor-version":[{"id":24213,"href":"https:\/\/radiostudiow.com.br\/site\/wp-json\/wp\/v2\/posts\/24212\/revisions\/24213"}],"wp:featuredmedia":[{"embeddable":true,"href":"https:\/\/radiostudiow.com.br\/site\/wp-json\/wp\/v2\/media\/24206"}],"wp:attachment":[{"href":"https:\/\/radiostudiow.com.br\/site\/wp-json\/wp\/v2\/media?parent=24212"}],"wp:term":[{"taxonomy":"category","embeddable":true,"href":"https:\/\/radiostudiow.com.br\/site\/wp-json\/wp\/v2\/categories?post=24212"},{"taxonomy":"post_tag","embeddable":true,"href":"https:\/\/radiostudiow.com.br\/site\/wp-json\/wp\/v2\/tags?post=24212"}],"curies":[{"name":"wp","href":"https:\/\/api.w.org\/{rel}","templated":true}]}}