{"id":24214,"date":"2024-07-03T18:56:20","date_gmt":"2024-07-03T21:56:20","guid":{"rendered":"https:\/\/radiostudiow.com.br\/site\/?p=24214"},"modified":"2025-01-31T14:59:11","modified_gmt":"2025-01-31T17:59:11","slug":"pm-de-uniao-da-vitoria-registra-furto-em-loja-no-bairro-sao-basilio-magno","status":"publish","type":"post","link":"https:\/\/radiostudiow.com.br\/site\/2024\/07\/03\/pm-de-uniao-da-vitoria-registra-furto-em-loja-no-bairro-sao-basilio-magno\/","title":{"rendered":"PM de Uni\u00e3o da Vitoria registra furto em loja no bairro S\u00e3o Basilio Magno"},"content":{"rendered":"\n<figure class=\"wp-block-image size-full\"><img loading=\"lazy\" decoding=\"async\" width=\"897\" height=\"204\" src=\"https:\/\/radiostudiow.com.br\/site\/wp-content\/uploads\/2024\/04\/image-37.png\" alt=\"\" class=\"wp-image-21305\" srcset=\"https:\/\/radiostudiow.com.br\/site\/wp-content\/uploads\/2024\/04\/image-37.png 897w, https:\/\/radiostudiow.com.br\/site\/wp-content\/uploads\/2024\/04\/image-37-300x68.png 300w, https:\/\/radiostudiow.com.br\/site\/wp-content\/uploads\/2024\/04\/image-37-768x175.png 768w\" sizes=\"auto, (max-width: 897px) 100vw, 897px\" \/><\/figure>\n\n\n\n<p>A equipe da Policia Militar de Uni\u00e3o da Vitoria foi acionada para verificar situa\u00e7\u00e3o de furto no bairro S\u00e3o Basilio Magno por volta das 12 horas dessa ter\u00e7a-feira (02).<\/p>\n\n\n\n<p>No local, conversado com o propriet\u00e1rio do estabelecimento comercial, o qual relatou que foi visto pelas c\u00e2meras de seguran\u00e7a do local, que durante a madrugada, um indiv\u00edduo adentrou na loja e de maneira ardilosa subtraiu de um ve\u00edculo do p\u00e1tio uma bateria marca Moura, 90 a, saindo logo em seguida.<\/p>\n\n\n\n<figure class=\"wp-block-image size-full\"><img loading=\"lazy\" decoding=\"async\" width=\"300\" height=\"180\" src=\"https:\/\/radiostudiow.com.br\/site\/wp-content\/uploads\/2024\/04\/SITE-PEQUENO-1.png\" alt=\"\" class=\"wp-image-21868\"\/><\/figure>\n\n\n\n<p>Diante dos fatos a v\u00edtima foi orientada quanto aos procedimentos e a equipe realizou patrulhamento nas imedia\u00e7\u00f5es na tentativa de localizar o autor, por\u00e9m sem \u00eaxito.<\/p>\n","protected":false},"excerpt":{"rendered":"<p>A equipe da Policia Militar de Uni\u00e3o da Vitoria foi acionada para verificar situa\u00e7\u00e3o de furto no bairro S\u00e3o Basilio Magno por volta das 12 horas dessa ter\u00e7a-feira (02). No local, conversado com o propriet\u00e1rio do estabelecimento comercial, o qual relatou que foi visto pelas c\u00e2meras de seguran\u00e7a do local, que durante a madrugada, um [&hellip;]<\/p>\n","protected":false},"author":2,"featured_media":20850,"comment_status":"open","ping_status":"open","sticky":false,"template":"","format":"standard","meta":{"footnotes":""},"categories":[2],"tags":[172],"class_list":["post-24214","post","type-post","status-publish","format-standard","has-post-thumbnail","hentry","category-policial","tag-featured"],"amp_enabled":true,"_links":{"self":[{"href":"https:\/\/radiostudiow.com.br\/site\/wp-json\/wp\/v2\/posts\/24214","targetHints":{"allow":["GET"]}}],"collection":[{"href":"https:\/\/radiostudiow.com.br\/site\/wp-json\/wp\/v2\/posts"}],"about":[{"href":"https:\/\/radiostudiow.com.br\/site\/wp-json\/wp\/v2\/types\/post"}],"author":[{"embeddable":true,"href":"https:\/\/radiostudiow.com.br\/site\/wp-json\/wp\/v2\/users\/2"}],"replies":[{"embeddable":true,"href":"https:\/\/radiostudiow.com.br\/site\/wp-json\/wp\/v2\/comments?post=24214"}],"version-history":[{"count":1,"href":"https:\/\/radiostudiow.com.br\/site\/wp-json\/wp\/v2\/posts\/24214\/revisions"}],"predecessor-version":[{"id":24215,"href":"https:\/\/radiostudiow.com.br\/site\/wp-json\/wp\/v2\/posts\/24214\/revisions\/24215"}],"wp:featuredmedia":[{"embeddable":true,"href":"https:\/\/radiostudiow.com.br\/site\/wp-json\/wp\/v2\/media\/20850"}],"wp:attachment":[{"href":"https:\/\/radiostudiow.com.br\/site\/wp-json\/wp\/v2\/media?parent=24214"}],"wp:term":[{"taxonomy":"category","embeddable":true,"href":"https:\/\/radiostudiow.com.br\/site\/wp-json\/wp\/v2\/categories?post=24214"},{"taxonomy":"post_tag","embeddable":true,"href":"https:\/\/radiostudiow.com.br\/site\/wp-json\/wp\/v2\/tags?post=24214"}],"curies":[{"name":"wp","href":"https:\/\/api.w.org\/{rel}","templated":true}]}}