{"id":24216,"date":"2024-07-03T20:09:44","date_gmt":"2024-07-03T23:09:44","guid":{"rendered":"https:\/\/radiostudiow.com.br\/site\/?p=24216"},"modified":"2025-01-31T14:59:11","modified_gmt":"2025-01-31T17:59:11","slug":"moradora-de-uniao-da-vitoria-denuncia-vizinho-que-agrediu-cachorro-com-pedaco-de-madeira","status":"publish","type":"post","link":"https:\/\/radiostudiow.com.br\/site\/2024\/07\/03\/moradora-de-uniao-da-vitoria-denuncia-vizinho-que-agrediu-cachorro-com-pedaco-de-madeira\/","title":{"rendered":"Moradora de Uni\u00e3o da Vit\u00f3ria denuncia vizinho que agrediu cachorro com peda\u00e7o de madeira"},"content":{"rendered":"\n<figure class=\"wp-block-image size-full is-resized\"><img decoding=\"async\" src=\"https:\/\/radiostudiow.com.br\/site\/wp-content\/uploads\/2024\/04\/image-45.png\" alt=\"\" class=\"wp-image-21394\" style=\"width:615px;height:auto\"\/><\/figure>\n\n\n\n<p>Um caso de maus-tratos foi registrado pela Pol\u00edcia Militar da cidade de Uni\u00e3o da Vit\u00f3ria no bairro Rio D\u2019Areia por volta das 16 horas nessa ter\u00e7a-feira (03).<\/p>\n\n\n\n<p>Segundo informa\u00e7\u00f5es, uma mulher acionou a Pol\u00edcia relatando que seu c\u00e3o fugiu do p\u00e1tio de casa e atacou outro cachorro. Ela tentou separar e quase foi agredida pelo seu vizinho, o qual com um peda\u00e7o de madeira, agrediu o cachorro da mulher.<\/p>\n\n\n\n<figure class=\"wp-block-image size-full\"><img loading=\"lazy\" decoding=\"async\" width=\"590\" height=\"204\" src=\"https:\/\/radiostudiow.com.br\/site\/wp-content\/uploads\/2024\/04\/image-27.png\" alt=\"\" class=\"wp-image-21280\" srcset=\"https:\/\/radiostudiow.com.br\/site\/wp-content\/uploads\/2024\/04\/image-27.png 590w, https:\/\/radiostudiow.com.br\/site\/wp-content\/uploads\/2024\/04\/image-27-300x104.png 300w\" sizes=\"auto, (max-width: 590px) 100vw, 590px\" \/><\/figure>\n\n\n\n<p>No local, a Pol\u00edcia conversou com o homem que alegou somente ter tentado separar a briga dos c\u00e3es. O caso foi registrado e a mulher optou por representar contra o vizinho posteriormente. Coube orienta\u00e7\u00f5es.<\/p>\n\n\n\n<figure class=\"wp-block-gallery has-nested-images columns-default is-cropped wp-block-gallery-1 is-layout-flex wp-block-gallery-is-layout-flex\">\n<figure class=\"wp-block-image size-large\"><img loading=\"lazy\" decoding=\"async\" width=\"720\" height=\"715\" data-id=\"24221\" src=\"https:\/\/radiostudiow.com.br\/site\/wp-content\/uploads\/2024\/07\/03.jpeg\" alt=\"\" class=\"wp-image-24221\" srcset=\"https:\/\/radiostudiow.com.br\/site\/wp-content\/uploads\/2024\/07\/03.jpeg 720w, https:\/\/radiostudiow.com.br\/site\/wp-content\/uploads\/2024\/07\/03-300x298.jpeg 300w, https:\/\/radiostudiow.com.br\/site\/wp-content\/uploads\/2024\/07\/03-80x80.jpeg 80w\" sizes=\"auto, (max-width: 720px) 100vw, 720px\" \/><\/figure>\n\n\n\n<figure class=\"wp-block-image size-large\"><img loading=\"lazy\" decoding=\"async\" width=\"720\" height=\"715\" data-id=\"24222\" src=\"https:\/\/radiostudiow.com.br\/site\/wp-content\/uploads\/2024\/07\/04-1.jpeg\" alt=\"\" class=\"wp-image-24222\" srcset=\"https:\/\/radiostudiow.com.br\/site\/wp-content\/uploads\/2024\/07\/04-1.jpeg 720w, https:\/\/radiostudiow.com.br\/site\/wp-content\/uploads\/2024\/07\/04-1-300x298.jpeg 300w, https:\/\/radiostudiow.com.br\/site\/wp-content\/uploads\/2024\/07\/04-1-80x80.jpeg 80w\" sizes=\"auto, (max-width: 720px) 100vw, 720px\" \/><\/figure>\n<\/figure>\n","protected":false},"excerpt":{"rendered":"<p>Um caso de maus-tratos foi registrado pela Pol\u00edcia Militar da cidade de Uni\u00e3o da Vit\u00f3ria no bairro Rio D\u2019Areia por volta das 16 horas nessa ter\u00e7a-feira (03). Segundo informa\u00e7\u00f5es, uma mulher acionou a Pol\u00edcia relatando que seu c\u00e3o fugiu do p\u00e1tio de casa e atacou outro cachorro. Ela tentou separar e quase foi agredida pelo [&hellip;]<\/p>\n","protected":false},"author":2,"featured_media":21768,"comment_status":"open","ping_status":"open","sticky":false,"template":"","format":"standard","meta":{"footnotes":""},"categories":[2],"tags":[172],"class_list":["post-24216","post","type-post","status-publish","format-standard","has-post-thumbnail","hentry","category-policial","tag-featured"],"amp_enabled":true,"_links":{"self":[{"href":"https:\/\/radiostudiow.com.br\/site\/wp-json\/wp\/v2\/posts\/24216","targetHints":{"allow":["GET"]}}],"collection":[{"href":"https:\/\/radiostudiow.com.br\/site\/wp-json\/wp\/v2\/posts"}],"about":[{"href":"https:\/\/radiostudiow.com.br\/site\/wp-json\/wp\/v2\/types\/post"}],"author":[{"embeddable":true,"href":"https:\/\/radiostudiow.com.br\/site\/wp-json\/wp\/v2\/users\/2"}],"replies":[{"embeddable":true,"href":"https:\/\/radiostudiow.com.br\/site\/wp-json\/wp\/v2\/comments?post=24216"}],"version-history":[{"count":3,"href":"https:\/\/radiostudiow.com.br\/site\/wp-json\/wp\/v2\/posts\/24216\/revisions"}],"predecessor-version":[{"id":24223,"href":"https:\/\/radiostudiow.com.br\/site\/wp-json\/wp\/v2\/posts\/24216\/revisions\/24223"}],"wp:featuredmedia":[{"embeddable":true,"href":"https:\/\/radiostudiow.com.br\/site\/wp-json\/wp\/v2\/media\/21768"}],"wp:attachment":[{"href":"https:\/\/radiostudiow.com.br\/site\/wp-json\/wp\/v2\/media?parent=24216"}],"wp:term":[{"taxonomy":"category","embeddable":true,"href":"https:\/\/radiostudiow.com.br\/site\/wp-json\/wp\/v2\/categories?post=24216"},{"taxonomy":"post_tag","embeddable":true,"href":"https:\/\/radiostudiow.com.br\/site\/wp-json\/wp\/v2\/tags?post=24216"}],"curies":[{"name":"wp","href":"https:\/\/api.w.org\/{rel}","templated":true}]}}