{"id":2423,"date":"2021-06-12T13:04:18","date_gmt":"2021-06-12T16:04:18","guid":{"rendered":"https:\/\/radiostudiow.com.br\/site\/?p=2423"},"modified":"2025-01-15T11:48:09","modified_gmt":"2025-01-15T14:48:09","slug":"homem-e-visto-conduzindo-veiculo-com-lata-de-cerveja-na-mao-em-mallet","status":"publish","type":"post","link":"https:\/\/radiostudiow.com.br\/site\/2021\/06\/12\/homem-e-visto-conduzindo-veiculo-com-lata-de-cerveja-na-mao-em-mallet\/","title":{"rendered":"HOMEM \u00c9 VISTO CONDUZINDO VE\u00cdCULO COM LATA DE CERVEJA NA M\u00c3O EM MALLET"},"content":{"rendered":"\n<p>Durante patrulhamento da equipe da Pol\u00edcia Militar pela Avenida Jo\u00e3o Pessoa, \u00e1rea central do munic\u00edpio, visualizou um ve\u00edculo VW\/GOL na cor branca, cujo condutor estava segurando uma lata de cerveja enquanto conduzia o ve\u00edculo pela via nessa sexta-feira (11).<\/p>\n\n\n\n<p>&nbsp;A PM imediatamente abordou o condutor no cruzamento com a Avenida Jo\u00e3o Pessoa X Rua Vicente Machado. O autor foi identificado, o qual em consulta no sistema informatizado constava que o mesmo estava pendente de realizar curso de reciclagem.<\/p>\n\n\n\n<p>PM perguntou para o condutor se havia consumido bebida alco\u00f3lica, o mesmo respondeu que n\u00e3o. Foi convidado a realizar o teste de baf\u00f4metro, o qual imediatamente acatou e realizou resultando em 0,00 mg.<\/p>\n\n\n\n<p>Foram confeccionadas as notifica\u00e7\u00f5es pertinentes e pelo ve\u00edculo n\u00e3o apresenta d\u00e9bitos de licenciamento foi entregue ao condutor habilitado.<\/p>\n\n\n\n<figure class=\"wp-block-image size-large\"><img decoding=\"async\" src=\"https:\/\/radiostudiow.com.br\/site\/wp-content\/uploads\/2021\/06\/IMOB-SUL.jpg\" alt=\"\" class=\"wp-image-2424\"\/><\/figure>\n","protected":false},"excerpt":{"rendered":"<p>Durante patrulhamento da equipe da Pol\u00edcia Militar pela Avenida Jo\u00e3o Pessoa, \u00e1rea central do munic\u00edpio, visualizou um ve\u00edculo VW\/GOL na cor branca, cujo condutor estava segurando uma lata de cerveja enquanto conduzia o ve\u00edculo pela via nessa sexta-feira (11). &nbsp;A PM imediatamente abordou o condutor no cruzamento com a Avenida Jo\u00e3o Pessoa X Rua Vicente [&hellip;]<\/p>\n","protected":false},"author":2,"featured_media":1040,"comment_status":"open","ping_status":"open","sticky":false,"template":"","format":"standard","meta":{"footnotes":""},"categories":[2],"tags":[172],"class_list":["post-2423","post","type-post","status-publish","format-standard","has-post-thumbnail","hentry","category-policial","tag-featured"],"amp_enabled":true,"_links":{"self":[{"href":"https:\/\/radiostudiow.com.br\/site\/wp-json\/wp\/v2\/posts\/2423","targetHints":{"allow":["GET"]}}],"collection":[{"href":"https:\/\/radiostudiow.com.br\/site\/wp-json\/wp\/v2\/posts"}],"about":[{"href":"https:\/\/radiostudiow.com.br\/site\/wp-json\/wp\/v2\/types\/post"}],"author":[{"embeddable":true,"href":"https:\/\/radiostudiow.com.br\/site\/wp-json\/wp\/v2\/users\/2"}],"replies":[{"embeddable":true,"href":"https:\/\/radiostudiow.com.br\/site\/wp-json\/wp\/v2\/comments?post=2423"}],"version-history":[{"count":1,"href":"https:\/\/radiostudiow.com.br\/site\/wp-json\/wp\/v2\/posts\/2423\/revisions"}],"predecessor-version":[{"id":2425,"href":"https:\/\/radiostudiow.com.br\/site\/wp-json\/wp\/v2\/posts\/2423\/revisions\/2425"}],"wp:featuredmedia":[{"embeddable":true,"href":"https:\/\/radiostudiow.com.br\/site\/wp-json\/wp\/v2\/media\/1040"}],"wp:attachment":[{"href":"https:\/\/radiostudiow.com.br\/site\/wp-json\/wp\/v2\/media?parent=2423"}],"wp:term":[{"taxonomy":"category","embeddable":true,"href":"https:\/\/radiostudiow.com.br\/site\/wp-json\/wp\/v2\/categories?post=2423"},{"taxonomy":"post_tag","embeddable":true,"href":"https:\/\/radiostudiow.com.br\/site\/wp-json\/wp\/v2\/tags?post=2423"}],"curies":[{"name":"wp","href":"https:\/\/api.w.org\/{rel}","templated":true}]}}