{"id":24230,"date":"2024-07-04T11:00:09","date_gmt":"2024-07-04T14:00:09","guid":{"rendered":"https:\/\/radiostudiow.com.br\/site\/?p=24230"},"modified":"2025-01-31T14:59:11","modified_gmt":"2025-01-31T17:59:11","slug":"crianca-de-08-anos-e-conduzida-a-apmi-apos-ser-atropelada-em-uniao-da-vitoria","status":"publish","type":"post","link":"https:\/\/radiostudiow.com.br\/site\/2024\/07\/04\/crianca-de-08-anos-e-conduzida-a-apmi-apos-ser-atropelada-em-uniao-da-vitoria\/","title":{"rendered":"Crian\u00e7a de 08 anos \u00e9 conduzida a APMI ap\u00f3s ser atropelada em Uni\u00e3o da Vit\u00f3ria"},"content":{"rendered":"\n<p>Uma crian\u00e7a de 08 anos de idade foi socorrida com ferimentos de gravidade moderada ap\u00f3s ter sido atropelada em Uni\u00e3o da Vit\u00f3ria por volta das 13 horas dessa quarta-feir (03).<\/p>\n\n\n\n<figure class=\"wp-block-image size-full\"><img loading=\"lazy\" decoding=\"async\" width=\"598\" height=\"204\" src=\"https:\/\/radiostudiow.com.br\/site\/wp-content\/uploads\/2024\/04\/image-23.png\" alt=\"\" class=\"wp-image-21221\" srcset=\"https:\/\/radiostudiow.com.br\/site\/wp-content\/uploads\/2024\/04\/image-23.png 598w, https:\/\/radiostudiow.com.br\/site\/wp-content\/uploads\/2024\/04\/image-23-300x102.png 300w\" sizes=\"auto, (max-width: 598px) 100vw, 598px\" \/><\/figure>\n\n\n\n<p>Conforme informa\u00e7\u00f5es, a crian\u00e7a estava em uma bicicleta quando foi atingida por um ve\u00edculo Fiat\/Uno Vivace de cor vermelha na rua S\u00e3o Crist\u00f3v\u00e3o pr\u00f3ximo ao aeroporto no bairro Sagrada Fam\u00edlia, no Distrito de S\u00e3o Crist\u00f3v\u00e3o.<\/p>\n\n\n\n<p>Com a batida, a menina de 08 anos sofreu ferimento da regi\u00e3o do cr\u00e2nio, sendo socorrida pelas equipes do Corpo de Bombeiros e encaminhada para o hospital APMI para receber cuidados m\u00e9dicos.<\/p>\n","protected":false},"excerpt":{"rendered":"<p>Uma crian\u00e7a de 08 anos de idade foi socorrida com ferimentos de gravidade moderada ap\u00f3s ter sido atropelada em Uni\u00e3o da Vit\u00f3ria por volta das 13 horas dessa quarta-feir (03). Conforme informa\u00e7\u00f5es, a crian\u00e7a estava em uma bicicleta quando foi atingida por um ve\u00edculo Fiat\/Uno Vivace de cor vermelha na rua S\u00e3o Crist\u00f3v\u00e3o pr\u00f3ximo ao [&hellip;]<\/p>\n","protected":false},"author":2,"featured_media":6968,"comment_status":"open","ping_status":"open","sticky":false,"template":"","format":"standard","meta":{"footnotes":""},"categories":[185],"tags":[172],"class_list":["post-24230","post","type-post","status-publish","format-standard","has-post-thumbnail","hentry","category-regional","tag-featured"],"amp_enabled":true,"_links":{"self":[{"href":"https:\/\/radiostudiow.com.br\/site\/wp-json\/wp\/v2\/posts\/24230","targetHints":{"allow":["GET"]}}],"collection":[{"href":"https:\/\/radiostudiow.com.br\/site\/wp-json\/wp\/v2\/posts"}],"about":[{"href":"https:\/\/radiostudiow.com.br\/site\/wp-json\/wp\/v2\/types\/post"}],"author":[{"embeddable":true,"href":"https:\/\/radiostudiow.com.br\/site\/wp-json\/wp\/v2\/users\/2"}],"replies":[{"embeddable":true,"href":"https:\/\/radiostudiow.com.br\/site\/wp-json\/wp\/v2\/comments?post=24230"}],"version-history":[{"count":1,"href":"https:\/\/radiostudiow.com.br\/site\/wp-json\/wp\/v2\/posts\/24230\/revisions"}],"predecessor-version":[{"id":24231,"href":"https:\/\/radiostudiow.com.br\/site\/wp-json\/wp\/v2\/posts\/24230\/revisions\/24231"}],"wp:featuredmedia":[{"embeddable":true,"href":"https:\/\/radiostudiow.com.br\/site\/wp-json\/wp\/v2\/media\/6968"}],"wp:attachment":[{"href":"https:\/\/radiostudiow.com.br\/site\/wp-json\/wp\/v2\/media?parent=24230"}],"wp:term":[{"taxonomy":"category","embeddable":true,"href":"https:\/\/radiostudiow.com.br\/site\/wp-json\/wp\/v2\/categories?post=24230"},{"taxonomy":"post_tag","embeddable":true,"href":"https:\/\/radiostudiow.com.br\/site\/wp-json\/wp\/v2\/tags?post=24230"}],"curies":[{"name":"wp","href":"https:\/\/api.w.org\/{rel}","templated":true}]}}