{"id":24240,"date":"2024-07-04T11:25:57","date_gmt":"2024-07-04T14:25:57","guid":{"rendered":"https:\/\/radiostudiow.com.br\/site\/?p=24240"},"modified":"2025-01-31T14:59:11","modified_gmt":"2025-01-31T17:59:11","slug":"lavadora-de-alta-pressao-e-forno-eletrico-sao-furtados-de-estabelecimento-em-rio-azul","status":"publish","type":"post","link":"https:\/\/radiostudiow.com.br\/site\/2024\/07\/04\/lavadora-de-alta-pressao-e-forno-eletrico-sao-furtados-de-estabelecimento-em-rio-azul\/","title":{"rendered":"Lavadora de alta press\u00e3o e forno el\u00e9trico s\u00e3o furtados de estabelecimento em Rio Azul"},"content":{"rendered":"\n<p>Uma lavadora de alta press\u00e3o e um forno el\u00e9trico foram furtados de um estabelecimento no bairro Santa Terezinha em Rio Azul nessa ter\u00e7a-feira (02).<\/p>\n\n\n\n<figure class=\"wp-block-image size-full\"><img decoding=\"async\" src=\"https:\/\/radiostudiow.com.br\/site\/wp-content\/uploads\/2024\/04\/image-55.png\" alt=\"\" class=\"wp-image-21389\"\/><\/figure>\n\n\n\n<p>A respons\u00e1vel pelo local disse que percebeu o furto ao iniciar as atividades na manh\u00e3 de ontem. Na ocasi\u00e3o, ela encontrou uma janela quebrada. A Pol\u00edcia Militar realizou buscas nas proximidades, mas n\u00e3o localizou nenhum objeto que havia sido furtado.<\/p>\n\n\n\n<p><em>Ainda em Rio Azul, um morador afirmou que foi amea\u00e7ado pelo cunhado. Ele foi orientado pelos policiais sobre o prazo de representa\u00e7\u00e3o criminal contra o autor.<\/em><\/p>\n","protected":false},"excerpt":{"rendered":"<p>Uma lavadora de alta press\u00e3o e um forno el\u00e9trico foram furtados de um estabelecimento no bairro Santa Terezinha em Rio Azul nessa ter\u00e7a-feira (02). A respons\u00e1vel pelo local disse que percebeu o furto ao iniciar as atividades na manh\u00e3 de ontem. Na ocasi\u00e3o, ela encontrou uma janela quebrada. A Pol\u00edcia Militar realizou buscas nas proximidades, [&hellip;]<\/p>\n","protected":false},"author":2,"featured_media":20382,"comment_status":"open","ping_status":"open","sticky":false,"template":"","format":"standard","meta":{"footnotes":""},"categories":[2],"tags":[172],"class_list":["post-24240","post","type-post","status-publish","format-standard","has-post-thumbnail","hentry","category-policial","tag-featured"],"amp_enabled":true,"_links":{"self":[{"href":"https:\/\/radiostudiow.com.br\/site\/wp-json\/wp\/v2\/posts\/24240","targetHints":{"allow":["GET"]}}],"collection":[{"href":"https:\/\/radiostudiow.com.br\/site\/wp-json\/wp\/v2\/posts"}],"about":[{"href":"https:\/\/radiostudiow.com.br\/site\/wp-json\/wp\/v2\/types\/post"}],"author":[{"embeddable":true,"href":"https:\/\/radiostudiow.com.br\/site\/wp-json\/wp\/v2\/users\/2"}],"replies":[{"embeddable":true,"href":"https:\/\/radiostudiow.com.br\/site\/wp-json\/wp\/v2\/comments?post=24240"}],"version-history":[{"count":2,"href":"https:\/\/radiostudiow.com.br\/site\/wp-json\/wp\/v2\/posts\/24240\/revisions"}],"predecessor-version":[{"id":24242,"href":"https:\/\/radiostudiow.com.br\/site\/wp-json\/wp\/v2\/posts\/24240\/revisions\/24242"}],"wp:featuredmedia":[{"embeddable":true,"href":"https:\/\/radiostudiow.com.br\/site\/wp-json\/wp\/v2\/media\/20382"}],"wp:attachment":[{"href":"https:\/\/radiostudiow.com.br\/site\/wp-json\/wp\/v2\/media?parent=24240"}],"wp:term":[{"taxonomy":"category","embeddable":true,"href":"https:\/\/radiostudiow.com.br\/site\/wp-json\/wp\/v2\/categories?post=24240"},{"taxonomy":"post_tag","embeddable":true,"href":"https:\/\/radiostudiow.com.br\/site\/wp-json\/wp\/v2\/tags?post=24240"}],"curies":[{"name":"wp","href":"https:\/\/api.w.org\/{rel}","templated":true}]}}