{"id":24246,"date":"2024-07-04T11:50:35","date_gmt":"2024-07-04T14:50:35","guid":{"rendered":"https:\/\/radiostudiow.com.br\/site\/?p=24246"},"modified":"2025-01-31T14:59:11","modified_gmt":"2025-01-31T17:59:11","slug":"pm-prende-jovem-que-ameacou-agredir-duas-mulheres-em-reboucas","status":"publish","type":"post","link":"https:\/\/radiostudiow.com.br\/site\/2024\/07\/04\/pm-prende-jovem-que-ameacou-agredir-duas-mulheres-em-reboucas\/","title":{"rendered":"PM prende jovem que amea\u00e7ou agredir duas mulheres em Rebou\u00e7as"},"content":{"rendered":"\n<p>A equipe da Pol\u00edcia Militar foi acionada ap\u00f3s um jovem amea\u00e7ar agredir duas mulheres na manh\u00e3 dessa quarta-feira, 03 de julho, no bairro Alto da Gl\u00f3ria em Rebou\u00e7as.<\/p>\n\n\n\n<p>De acordo com as informa\u00e7\u00f5es do site Naju\u00e1 FM, o rapaz teria dito que pretendia atear fogo nas v\u00edtimas. O autor das amea\u00e7as foi localizado pr\u00f3ximo da resid\u00eancia das v\u00edtimas e conduzido para a Delegacia.<\/p>\n\n\n\n<figure class=\"wp-block-image size-full\"><img loading=\"lazy\" decoding=\"async\" width=\"590\" height=\"204\" src=\"https:\/\/radiostudiow.com.br\/site\/wp-content\/uploads\/2024\/04\/image-27.png\" alt=\"\" class=\"wp-image-21280\" srcset=\"https:\/\/radiostudiow.com.br\/site\/wp-content\/uploads\/2024\/04\/image-27.png 590w, https:\/\/radiostudiow.com.br\/site\/wp-content\/uploads\/2024\/04\/image-27-300x104.png 300w\" sizes=\"auto, (max-width: 590px) 100vw, 590px\" \/><\/figure>\n\n\n\n<p>Em uma outra ocorr\u00eancia, a equipe da Pol\u00edcia Militar de Rebou\u00e7as registou um acidente entre dois carros durante a tarde dessa quarta-feira (03). A colis\u00e3o n\u00e3o deixou pessoas feridas.<\/p>\n","protected":false},"excerpt":{"rendered":"<p>A equipe da Pol\u00edcia Militar foi acionada ap\u00f3s um jovem amea\u00e7ar agredir duas mulheres na manh\u00e3 dessa quarta-feira, 03 de julho, no bairro Alto da Gl\u00f3ria em Rebou\u00e7as. De acordo com as informa\u00e7\u00f5es do site Naju\u00e1 FM, o rapaz teria dito que pretendia atear fogo nas v\u00edtimas. O autor das amea\u00e7as foi localizado pr\u00f3ximo da [&hellip;]<\/p>\n","protected":false},"author":2,"featured_media":13941,"comment_status":"open","ping_status":"open","sticky":false,"template":"","format":"standard","meta":{"footnotes":""},"categories":[2],"tags":[172],"class_list":["post-24246","post","type-post","status-publish","format-standard","has-post-thumbnail","hentry","category-policial","tag-featured"],"amp_enabled":true,"_links":{"self":[{"href":"https:\/\/radiostudiow.com.br\/site\/wp-json\/wp\/v2\/posts\/24246","targetHints":{"allow":["GET"]}}],"collection":[{"href":"https:\/\/radiostudiow.com.br\/site\/wp-json\/wp\/v2\/posts"}],"about":[{"href":"https:\/\/radiostudiow.com.br\/site\/wp-json\/wp\/v2\/types\/post"}],"author":[{"embeddable":true,"href":"https:\/\/radiostudiow.com.br\/site\/wp-json\/wp\/v2\/users\/2"}],"replies":[{"embeddable":true,"href":"https:\/\/radiostudiow.com.br\/site\/wp-json\/wp\/v2\/comments?post=24246"}],"version-history":[{"count":3,"href":"https:\/\/radiostudiow.com.br\/site\/wp-json\/wp\/v2\/posts\/24246\/revisions"}],"predecessor-version":[{"id":24257,"href":"https:\/\/radiostudiow.com.br\/site\/wp-json\/wp\/v2\/posts\/24246\/revisions\/24257"}],"wp:featuredmedia":[{"embeddable":true,"href":"https:\/\/radiostudiow.com.br\/site\/wp-json\/wp\/v2\/media\/13941"}],"wp:attachment":[{"href":"https:\/\/radiostudiow.com.br\/site\/wp-json\/wp\/v2\/media?parent=24246"}],"wp:term":[{"taxonomy":"category","embeddable":true,"href":"https:\/\/radiostudiow.com.br\/site\/wp-json\/wp\/v2\/categories?post=24246"},{"taxonomy":"post_tag","embeddable":true,"href":"https:\/\/radiostudiow.com.br\/site\/wp-json\/wp\/v2\/tags?post=24246"}],"curies":[{"name":"wp","href":"https:\/\/api.w.org\/{rel}","templated":true}]}}