{"id":24254,"date":"2024-07-04T11:54:45","date_gmt":"2024-07-04T14:54:45","guid":{"rendered":"https:\/\/radiostudiow.com.br\/site\/?p=24254"},"modified":"2025-01-31T14:59:11","modified_gmt":"2025-01-31T17:59:11","slug":"pm-de-reboucas-apreende-moto-baixada-pelo-detran","status":"publish","type":"post","link":"https:\/\/radiostudiow.com.br\/site\/2024\/07\/04\/pm-de-reboucas-apreende-moto-baixada-pelo-detran\/","title":{"rendered":"PM de Rebou\u00e7as apreende moto baixada pelo Detran"},"content":{"rendered":"\n<p>A equipe da Pol\u00edcia Militar de Rebou\u00e7as apreendeu uma motocicleta Honda CG 125, que era baixada pelo Detran e n\u00e3o poderia circular em vias p\u00fablicas nessa quarta-feira (03).<\/p>\n\n\n\n<figure class=\"wp-block-image size-full\"><img loading=\"lazy\" decoding=\"async\" width=\"300\" height=\"180\" src=\"https:\/\/radiostudiow.com.br\/site\/wp-content\/uploads\/2024\/04\/image-26.png\" alt=\"\" class=\"wp-image-21279\"\/><\/figure>\n\n\n\n<p>O condutor que foi abordado disse que estava usando uma placa comprada pela internet. Em virtude das irregularidades, a moto e o condutor foram encaminhados para a Delegacia de Irati.<\/p>\n","protected":false},"excerpt":{"rendered":"<p>A equipe da Pol\u00edcia Militar de Rebou\u00e7as apreendeu uma motocicleta Honda CG 125, que era baixada pelo Detran e n\u00e3o poderia circular em vias p\u00fablicas nessa quarta-feira (03). O condutor que foi abordado disse que estava usando uma placa comprada pela internet. Em virtude das irregularidades, a moto e o condutor foram encaminhados para a [&hellip;]<\/p>\n","protected":false},"author":2,"featured_media":24258,"comment_status":"open","ping_status":"open","sticky":false,"template":"","format":"standard","meta":{"footnotes":""},"categories":[2],"tags":[172],"class_list":["post-24254","post","type-post","status-publish","format-standard","has-post-thumbnail","hentry","category-policial","tag-featured"],"amp_enabled":true,"_links":{"self":[{"href":"https:\/\/radiostudiow.com.br\/site\/wp-json\/wp\/v2\/posts\/24254","targetHints":{"allow":["GET"]}}],"collection":[{"href":"https:\/\/radiostudiow.com.br\/site\/wp-json\/wp\/v2\/posts"}],"about":[{"href":"https:\/\/radiostudiow.com.br\/site\/wp-json\/wp\/v2\/types\/post"}],"author":[{"embeddable":true,"href":"https:\/\/radiostudiow.com.br\/site\/wp-json\/wp\/v2\/users\/2"}],"replies":[{"embeddable":true,"href":"https:\/\/radiostudiow.com.br\/site\/wp-json\/wp\/v2\/comments?post=24254"}],"version-history":[{"count":2,"href":"https:\/\/radiostudiow.com.br\/site\/wp-json\/wp\/v2\/posts\/24254\/revisions"}],"predecessor-version":[{"id":24259,"href":"https:\/\/radiostudiow.com.br\/site\/wp-json\/wp\/v2\/posts\/24254\/revisions\/24259"}],"wp:featuredmedia":[{"embeddable":true,"href":"https:\/\/radiostudiow.com.br\/site\/wp-json\/wp\/v2\/media\/24258"}],"wp:attachment":[{"href":"https:\/\/radiostudiow.com.br\/site\/wp-json\/wp\/v2\/media?parent=24254"}],"wp:term":[{"taxonomy":"category","embeddable":true,"href":"https:\/\/radiostudiow.com.br\/site\/wp-json\/wp\/v2\/categories?post=24254"},{"taxonomy":"post_tag","embeddable":true,"href":"https:\/\/radiostudiow.com.br\/site\/wp-json\/wp\/v2\/tags?post=24254"}],"curies":[{"name":"wp","href":"https:\/\/api.w.org\/{rel}","templated":true}]}}