{"id":2426,"date":"2021-06-12T13:25:50","date_gmt":"2021-06-12T16:25:50","guid":{"rendered":"https:\/\/radiostudiow.com.br\/site\/?p=2426"},"modified":"2025-01-15T11:48:15","modified_gmt":"2025-01-15T14:48:15","slug":"pm-prende-3-autores-envolvidos-com-trafico-de-drogas-em-mallet","status":"publish","type":"post","link":"https:\/\/radiostudiow.com.br\/site\/2021\/06\/12\/pm-prende-3-autores-envolvidos-com-trafico-de-drogas-em-mallet\/","title":{"rendered":"PM PRENDE AUTORES ENVOLVIDOS COM TR\u00c1FICO DE DROGAS EM MALLET"},"content":{"rendered":"\n<p>A equipe da Pol\u00edcia Militar de Mallet recebeu uma den\u00fancia por volta 18:20 horas dessa sexta-feira, 11 de junho, aonde relatava uma situa\u00e7\u00e3o de tr\u00e1fico de drogas em uma resid\u00eancia localizada na vila Choma.<\/p>\n\n\n\n<p>&nbsp;Diante da denuncia a equipe se posicionou em um lugar estrat\u00e9gico e realizou a abordagem ao suspeito, o qual ao visualizar os policiais arremessou algo embaixo de um caminh\u00e3o. Em revista pessoal nada il\u00edcito foi encontrado, por\u00e9m, em baixo do caminh\u00e3o foi encontrado embolado em uma sacola pl\u00e1stica 08 buchas de substancia an\u00e1logas a crack, posteriormente pesado e totalizando 1.8 gramas.<\/p>\n\n\n\n<p>Diante dos fatos foram lidos os direitos constitucionais e dado voz de pris\u00e3o ao autor, o qual confirmou que pegou o entorpecente na resid\u00eancia relatada na den\u00fancia.<\/p>\n\n\n\n<p>A equipe juntamente com o autor, se deslocou at\u00e9 a resid\u00eancia e abordou um casal que mora no local. Os mesmos assumiram a autoria do trafico na resid\u00eancia, al\u00e9m da situa\u00e7\u00e3o, produtos de furto e certa quantia em esp\u00e9cie foi apreendidos com o casal.<\/p>\n\n\n\n<p>Foram lidos os direitos constitucionais e dado voz de pris\u00e3o aos autores e se deslocado at\u00e9 a 10\u00aa DRP com os objetos apreendidos para procedimentos de policia judiciaria.<\/p>\n\n\n\n<figure class=\"wp-block-image size-large\"><img decoding=\"async\" src=\"https:\/\/radiostudiow.com.br\/site\/wp-content\/uploads\/2021\/02\/WRNET-1.jpg\" alt=\"\" class=\"wp-image-683\"\/><\/figure>\n","protected":false},"excerpt":{"rendered":"<p>A equipe da Pol\u00edcia Militar de Mallet recebeu uma den\u00fancia por volta 18:20 horas dessa sexta-feira, 11 de junho, aonde relatava uma situa\u00e7\u00e3o de tr\u00e1fico de drogas em uma resid\u00eancia localizada na vila Choma. &nbsp;Diante da denuncia a equipe se posicionou em um lugar estrat\u00e9gico e realizou a abordagem ao suspeito, o qual ao visualizar [&hellip;]<\/p>\n","protected":false},"author":2,"featured_media":1298,"comment_status":"open","ping_status":"open","sticky":false,"template":"","format":"standard","meta":{"footnotes":""},"categories":[2],"tags":[172],"class_list":["post-2426","post","type-post","status-publish","format-standard","has-post-thumbnail","hentry","category-policial","tag-featured"],"amp_enabled":true,"_links":{"self":[{"href":"https:\/\/radiostudiow.com.br\/site\/wp-json\/wp\/v2\/posts\/2426","targetHints":{"allow":["GET"]}}],"collection":[{"href":"https:\/\/radiostudiow.com.br\/site\/wp-json\/wp\/v2\/posts"}],"about":[{"href":"https:\/\/radiostudiow.com.br\/site\/wp-json\/wp\/v2\/types\/post"}],"author":[{"embeddable":true,"href":"https:\/\/radiostudiow.com.br\/site\/wp-json\/wp\/v2\/users\/2"}],"replies":[{"embeddable":true,"href":"https:\/\/radiostudiow.com.br\/site\/wp-json\/wp\/v2\/comments?post=2426"}],"version-history":[{"count":2,"href":"https:\/\/radiostudiow.com.br\/site\/wp-json\/wp\/v2\/posts\/2426\/revisions"}],"predecessor-version":[{"id":2429,"href":"https:\/\/radiostudiow.com.br\/site\/wp-json\/wp\/v2\/posts\/2426\/revisions\/2429"}],"wp:featuredmedia":[{"embeddable":true,"href":"https:\/\/radiostudiow.com.br\/site\/wp-json\/wp\/v2\/media\/1298"}],"wp:attachment":[{"href":"https:\/\/radiostudiow.com.br\/site\/wp-json\/wp\/v2\/media?parent=2426"}],"wp:term":[{"taxonomy":"category","embeddable":true,"href":"https:\/\/radiostudiow.com.br\/site\/wp-json\/wp\/v2\/categories?post=2426"},{"taxonomy":"post_tag","embeddable":true,"href":"https:\/\/radiostudiow.com.br\/site\/wp-json\/wp\/v2\/tags?post=2426"}],"curies":[{"name":"wp","href":"https:\/\/api.w.org\/{rel}","templated":true}]}}