{"id":24262,"date":"2024-07-04T17:10:27","date_gmt":"2024-07-04T20:10:27","guid":{"rendered":"https:\/\/radiostudiow.com.br\/site\/?p=24262"},"modified":"2025-01-31T14:59:11","modified_gmt":"2025-01-31T17:59:11","slug":"der-inicia-recuperacao-de-trecho-de-acesso-a-paula-freitas","status":"publish","type":"post","link":"https:\/\/radiostudiow.com.br\/site\/2024\/07\/04\/der-inicia-recuperacao-de-trecho-de-acesso-a-paula-freitas\/","title":{"rendered":"DER inicia recupera\u00e7\u00e3o de trecho de acesso a Paula Freitas"},"content":{"rendered":"\n<figure class=\"wp-block-image size-full\"><img decoding=\"async\" src=\"https:\/\/radiostudiow.com.br\/site\/wp-content\/uploads\/2024\/04\/image-55.png\" alt=\"\" class=\"wp-image-21389\"\/><\/figure>\n\n\n\n<p>O Departamento de Estradas e Rodagens (DER) iniciou nesta quarta-feira, 03 de julho, os trabalhos de recupera\u00e7\u00e3o da rodovia PR-831, no acesso ao per\u00edmetro urbano da cidade de Paula Freitas.\u00a0Al\u00e9m da recupera\u00e7\u00e3o da via, as equipes ir\u00e3o implantar duas lombadas ap\u00f3s pedido de moradores e empres\u00e1rios.\u00a0<\/p>\n\n\n\n<p>De acordo com o chefe regional do DER, Fernando Martins, ser\u00e1 realizando o recape asf\u00e1ltico de 1,5 quil\u00f4metro de pavimento, entre o per\u00edmetro urbano e o trevo que liga \u00e0 BR-476.\u00a0As lombadas ser\u00e3o implantadas em pontos avaliados como de maior perigo, visando garantir maior seguran\u00e7a aos usu\u00e1rios da rodovia.<\/p>\n\n\n\n<figure class=\"wp-block-image size-full is-resized\"><img decoding=\"async\" src=\"https:\/\/radiostudiow.com.br\/site\/wp-content\/uploads\/2024\/04\/image-45.png\" alt=\"\" class=\"wp-image-21394\" style=\"width:605px;height:auto\"\/><\/figure>\n\n\n\n<p>Antes desse servi\u00e7o, as equipes estavam empenhadas no recape de aproximadamente 4 quil\u00f4metros da rodovia PR-447, que estava com o pavimento apresentando ind\u00edcios de que poderiam surgir buracos em breve.&nbsp;Ap\u00f3s concluir a recupera\u00e7\u00e3o da rodovia em Paula Freitas, as equipes seguem para Uniao da Vit\u00f3ria, onde far\u00e3o a recupera\u00e7\u00e3o da PR-289 no trecho entre o trevo do Miguel Forte e a entrada para o bairro Monte Castelo, pr\u00f3ximo \u00e0 universidade UGV.<\/p>\n","protected":false},"excerpt":{"rendered":"<p>O Departamento de Estradas e Rodagens (DER) iniciou nesta quarta-feira, 03 de julho, os trabalhos de recupera\u00e7\u00e3o da rodovia PR-831, no acesso ao per\u00edmetro urbano da cidade de Paula Freitas.\u00a0Al\u00e9m da recupera\u00e7\u00e3o da via, as equipes ir\u00e3o implantar duas lombadas ap\u00f3s pedido de moradores e empres\u00e1rios.\u00a0 De acordo com o chefe regional do DER, Fernando [&hellip;]<\/p>\n","protected":false},"author":2,"featured_media":24265,"comment_status":"open","ping_status":"open","sticky":false,"template":"","format":"standard","meta":{"footnotes":""},"categories":[185],"tags":[172],"class_list":["post-24262","post","type-post","status-publish","format-standard","has-post-thumbnail","hentry","category-regional","tag-featured"],"amp_enabled":true,"_links":{"self":[{"href":"https:\/\/radiostudiow.com.br\/site\/wp-json\/wp\/v2\/posts\/24262","targetHints":{"allow":["GET"]}}],"collection":[{"href":"https:\/\/radiostudiow.com.br\/site\/wp-json\/wp\/v2\/posts"}],"about":[{"href":"https:\/\/radiostudiow.com.br\/site\/wp-json\/wp\/v2\/types\/post"}],"author":[{"embeddable":true,"href":"https:\/\/radiostudiow.com.br\/site\/wp-json\/wp\/v2\/users\/2"}],"replies":[{"embeddable":true,"href":"https:\/\/radiostudiow.com.br\/site\/wp-json\/wp\/v2\/comments?post=24262"}],"version-history":[{"count":2,"href":"https:\/\/radiostudiow.com.br\/site\/wp-json\/wp\/v2\/posts\/24262\/revisions"}],"predecessor-version":[{"id":24266,"href":"https:\/\/radiostudiow.com.br\/site\/wp-json\/wp\/v2\/posts\/24262\/revisions\/24266"}],"wp:featuredmedia":[{"embeddable":true,"href":"https:\/\/radiostudiow.com.br\/site\/wp-json\/wp\/v2\/media\/24265"}],"wp:attachment":[{"href":"https:\/\/radiostudiow.com.br\/site\/wp-json\/wp\/v2\/media?parent=24262"}],"wp:term":[{"taxonomy":"category","embeddable":true,"href":"https:\/\/radiostudiow.com.br\/site\/wp-json\/wp\/v2\/categories?post=24262"},{"taxonomy":"post_tag","embeddable":true,"href":"https:\/\/radiostudiow.com.br\/site\/wp-json\/wp\/v2\/tags?post=24262"}],"curies":[{"name":"wp","href":"https:\/\/api.w.org\/{rel}","templated":true}]}}