{"id":24290,"date":"2024-07-04T21:00:10","date_gmt":"2024-07-05T00:00:10","guid":{"rendered":"https:\/\/radiostudiow.com.br\/site\/?p=24290"},"modified":"2025-01-31T14:59:11","modified_gmt":"2025-01-31T17:59:11","slug":"grave-acidente-entre-automovel-e-caminhao-em-irati-deixa-motorista-preso-no-veiculo","status":"publish","type":"post","link":"https:\/\/radiostudiow.com.br\/site\/2024\/07\/04\/grave-acidente-entre-automovel-e-caminhao-em-irati-deixa-motorista-preso-no-veiculo\/","title":{"rendered":"Grave acidente entre autom\u00f3vel e caminh\u00e3o em Irati deixa motorista preso no ve\u00edculo"},"content":{"rendered":"\n<p>Na tarde de ter\u00e7a-feira (03), um grave acidente de tr\u00e2nsito foi registrado na Rodovia PR 364, pr\u00f3ximo ao Rio Corrente, interior de Irati. A colis\u00e3o envolveu um autom\u00f3vel e um caminh\u00e3o carregado com toras de madeira. Um homem, o motorista do autom\u00f3vel, encontrava-se encarcerado no interior do ve\u00edculo.<\/p>\n\n\n\n<figure class=\"wp-block-image size-full\"><img decoding=\"async\" src=\"https:\/\/radiostudiow.com.br\/site\/wp-content\/uploads\/2023\/10\/SITE-GRANDE4.png\" alt=\"\" class=\"wp-image-16367\"\/><\/figure>\n\n\n\n<p>A central de emerg\u00eancias recebeu uma liga\u00e7\u00e3o via 193 relatando a colis\u00e3o, com a informa\u00e7\u00e3o de que havia uma v\u00edtima possivelmente presa nas ferragens. N\u00e3o foram fornecidos detalhes imediatos sobre a gravidade das les\u00f5es no momento da chamada.<\/p>\n\n\n\n<p>Equipes de resgate do Corpo de Bombeiros de Irati se dirigiram ao local prontamente. Ao chegarem, confirmaram a colis\u00e3o entre o caminh\u00e3o de toras e o autom\u00f3vel. O motorista do carro estava enclausurado, exigindo o uso do desencarcerador para a remo\u00e7\u00e3o segura das partes do ve\u00edculo e a libera\u00e7\u00e3o da v\u00edtima.<\/p>\n\n\n\n<figure class=\"wp-block-image size-full\"><img loading=\"lazy\" decoding=\"async\" width=\"598\" height=\"204\" src=\"https:\/\/radiostudiow.com.br\/site\/wp-content\/uploads\/2024\/04\/image-39.png\" alt=\"\" class=\"wp-image-21311\" srcset=\"https:\/\/radiostudiow.com.br\/site\/wp-content\/uploads\/2024\/04\/image-39.png 598w, https:\/\/radiostudiow.com.br\/site\/wp-content\/uploads\/2024\/04\/image-39-300x102.png 300w\" sizes=\"auto, (max-width: 598px) 100vw, 598px\" \/><\/figure>\n\n\n\n<p>O homem foi encontrado consciente, por\u00e9m, apresentava uma les\u00e3o no t\u00f3rax. Ap\u00f3s o atendimento pr\u00e9-hospitalar, ele foi transportado para a Unidade de Pronto Atendimento (UPA) para cuidados m\u00e9dicos adicionais.<\/p>\n\n\n\n<p>Uma guarni\u00e7\u00e3o da Pol\u00edcia Militar do Paran\u00e1 estava presente no local, garantindo a sinaliza\u00e7\u00e3o e seguran\u00e7a da \u00e1rea durante os procedimentos de resgate e atendimento.<\/p>\n\n\n\n<figure class=\"wp-block-gallery has-nested-images columns-default is-cropped wp-block-gallery-1 is-layout-flex wp-block-gallery-is-layout-flex\">\n<figure class=\"wp-block-image size-large\"><img loading=\"lazy\" decoding=\"async\" width=\"750\" height=\"430\" data-id=\"24293\" src=\"https:\/\/radiostudiow.com.br\/site\/wp-content\/uploads\/2024\/07\/08-1.jpg\" alt=\"\" class=\"wp-image-24293\" srcset=\"https:\/\/radiostudiow.com.br\/site\/wp-content\/uploads\/2024\/07\/08-1.jpg 750w, https:\/\/radiostudiow.com.br\/site\/wp-content\/uploads\/2024\/07\/08-1-300x172.jpg 300w\" sizes=\"auto, (max-width: 750px) 100vw, 750px\" \/><\/figure>\n\n\n\n<figure class=\"wp-block-image size-large\"><img decoding=\"async\" data-id=\"24292\" src=\"https:\/\/radiostudiow.com.br\/site\/wp-content\/uploads\/2024\/07\/09-2.jpg\" alt=\"\" class=\"wp-image-24292\"\/><\/figure>\n<\/figure>\n","protected":false},"excerpt":{"rendered":"<p>Na tarde de ter\u00e7a-feira (03), um grave acidente de tr\u00e2nsito foi registrado na Rodovia PR 364, pr\u00f3ximo ao Rio Corrente, interior de Irati. A colis\u00e3o envolveu um autom\u00f3vel e um caminh\u00e3o carregado com toras de madeira. Um homem, o motorista do autom\u00f3vel, encontrava-se encarcerado no interior do ve\u00edculo. A central de emerg\u00eancias recebeu uma liga\u00e7\u00e3o [&hellip;]<\/p>\n","protected":false},"author":2,"featured_media":24291,"comment_status":"open","ping_status":"open","sticky":false,"template":"","format":"standard","meta":{"footnotes":""},"categories":[185],"tags":[172],"class_list":["post-24290","post","type-post","status-publish","format-standard","has-post-thumbnail","hentry","category-regional","tag-featured"],"amp_enabled":true,"_links":{"self":[{"href":"https:\/\/radiostudiow.com.br\/site\/wp-json\/wp\/v2\/posts\/24290","targetHints":{"allow":["GET"]}}],"collection":[{"href":"https:\/\/radiostudiow.com.br\/site\/wp-json\/wp\/v2\/posts"}],"about":[{"href":"https:\/\/radiostudiow.com.br\/site\/wp-json\/wp\/v2\/types\/post"}],"author":[{"embeddable":true,"href":"https:\/\/radiostudiow.com.br\/site\/wp-json\/wp\/v2\/users\/2"}],"replies":[{"embeddable":true,"href":"https:\/\/radiostudiow.com.br\/site\/wp-json\/wp\/v2\/comments?post=24290"}],"version-history":[{"count":1,"href":"https:\/\/radiostudiow.com.br\/site\/wp-json\/wp\/v2\/posts\/24290\/revisions"}],"predecessor-version":[{"id":24294,"href":"https:\/\/radiostudiow.com.br\/site\/wp-json\/wp\/v2\/posts\/24290\/revisions\/24294"}],"wp:featuredmedia":[{"embeddable":true,"href":"https:\/\/radiostudiow.com.br\/site\/wp-json\/wp\/v2\/media\/24291"}],"wp:attachment":[{"href":"https:\/\/radiostudiow.com.br\/site\/wp-json\/wp\/v2\/media?parent=24290"}],"wp:term":[{"taxonomy":"category","embeddable":true,"href":"https:\/\/radiostudiow.com.br\/site\/wp-json\/wp\/v2\/categories?post=24290"},{"taxonomy":"post_tag","embeddable":true,"href":"https:\/\/radiostudiow.com.br\/site\/wp-json\/wp\/v2\/tags?post=24290"}],"curies":[{"name":"wp","href":"https:\/\/api.w.org\/{rel}","templated":true}]}}